{"id":89116,"date":"2024-04-23T20:20:39","date_gmt":"2024-04-24T00:20:39","guid":{"rendered":"https:\/\/www.baca.ca\/vernissage-recits-de-la-creation-du-monde-art-mur\/"},"modified":"2024-08-17T11:57:35","modified_gmt":"2024-08-17T15:57:35","slug":"opening-reception-creation-stories-art-mur","status":"publish","type":"post","link":"https:\/\/www.baca.ca\/en\/opening-reception-creation-stories-art-mur\/","title":{"rendered":"Opening reception | Creation Stories |\u00a0Art M\u00fbr"},"content":{"rendered":"<div class=\"wpb-content-wrapper\"><p>[vc_row][vc_column width=&#8221;1\/2&#8243;][vc_column_text uncode_shortcode_id=&#8221;120125&#8243;]May 4 &#8211; June 22, 2024<br \/>\nOpening reception: Saturday, May 4, 2024, 3 p.m. to 5 p.m.<br \/>\n<em>Creation Stories<\/em>: Eruoma Awashish, Kaylyn Baker, Haley Bassett, Jordan Bennett, Alison Bremner, Glenna Cardinal, Christian Chapman, Craig Commanda, Ren\u00e9e Condo, Seth Dodginghorse, Marcy Friesen, Oakley Wysote Gray, t\u012bn\u00e1 g\u00fay\u00e1\u0144\u00ed, Jay Havens, Cora Kavyaktok, Uumati Kisoun-Inuarak, Cheyenne Rain LeGrande, Maria-Margaretta, Calvin Morberg, Meagan Musseau, Lisa Myers, Melaw Nakehk\u2019o, Luke Parnell, Mangeshig Pawis-Steckley, Shane Perley-Dutcher, Melissa Peter-Paul, Jobena Petonoquot, Sandra Racine, Natasha Sacobie, Heather Shillinglaw, Jason Sikoak, Michelle Sound, Alan Syliboy<\/p>\n<p>Curators: Lori Beavis, Emma Hassencahl-Perley, Jake Kimble, Teresa Vander Meer-Chass\u00e9<br \/>\nThe Biennale d&#8217;art contemporain autochtone (BACA), 7th edition<br \/>\n<a href=\"https:\/\/artmur.com\/\">Art M\u00fbr<\/a><br \/>\nMontreal, QC<\/p>\n<p><a href=\"https:\/\/www.facebook.com\/events\/1231154621596905\">Facebook event<\/a>[\/vc_column_text][\/vc_column][vc_column width=&#8221;1\/2&#8243;][vc_single_image media=&#8221;89129&#8243; media_width_percent=&#8221;100&#8243; uncode_shortcode_id=&#8221;186441&#8243;][\/vc_column][\/vc_row]<\/p>\n<\/div>","protected":false},"excerpt":{"rendered":"<p>[vc_row][vc_column width=&#8221;1\/2&#8243;][vc_column_text uncode_shortcode_id=&#8221;120125&#8243;]May 4 &#8211; June 22, 2024 Opening reception: Saturday, May 4, 2024, 3 p.m. to 5 p.m. Creation [&hellip;]<\/p>\n","protected":false},"author":1,"featured_media":89129,"comment_status":"open","ping_status":"open","sticky":false,"template":"","format":"standard","meta":{"footnotes":""},"categories":[1],"tags":[],"class_list":["post-89116","post","type-post","status-publish","format-standard","has-post-thumbnail","hentry","category-uncategorized"],"yoast_head":"<!-- This site is optimized with the Yoast SEO plugin v27.4 - https:\/\/yoast.com\/product\/yoast-seo-wordpress\/ -->\n<title>Opening reception | Creation Stories |\u00a0Art M\u00fbr | La Biennale d\u2019art contemporain autochtone<\/title>\n<meta name=\"robots\" content=\"index, follow, max-snippet:-1, max-image-preview:large, max-video-preview:-1\" \/>\n<link rel=\"canonical\" href=\"https:\/\/www.baca.ca\/en\/opening-reception-creation-stories-art-mur\/\" \/>\n<meta property=\"og:locale\" content=\"en_US\" \/>\n<meta property=\"og:type\" content=\"article\" \/>\n<meta property=\"og:title\" content=\"Opening reception | Creation Stories |\u00a0Art M\u00fbr | La Biennale d\u2019art contemporain autochtone\" \/>\n<meta property=\"og:description\" content=\"[vc_row][vc_column width=&#8221;1\/2&#8243;][vc_column_text uncode_shortcode_id=&#8221;120125&#8243;]May 4 &#8211; June 22, 2024 Opening reception: Saturday, May 4, 2024, 3 p.m. to 5 p.m. Creation [&hellip;]\" \/>\n<meta property=\"og:url\" content=\"https:\/\/www.baca.ca\/en\/opening-reception-creation-stories-art-mur\/\" \/>\n<meta property=\"og:site_name\" content=\"La Biennale d\u2019art contemporain autochtone\" \/>\n<meta property=\"article:publisher\" content=\"https:\/\/www.facebook.com\/bacabiennale\/\" \/>\n<meta property=\"article:published_time\" content=\"2024-04-24T00:20:39+00:00\" \/>\n<meta property=\"article:modified_time\" content=\"2024-08-17T15:57:35+00:00\" \/>\n<meta property=\"og:image\" content=\"https:\/\/www.baca.ca\/wp-content\/uploads\/2024\/04\/Maria-Margaretta.jpg\" \/>\n\t<meta property=\"og:image:width\" content=\"1536\" \/>\n\t<meta property=\"og:image:height\" content=\"441\" \/>\n\t<meta property=\"og:image:type\" content=\"image\/jpeg\" \/>\n<meta name=\"author\" content=\"Mike Patten\" \/>\n<meta name=\"twitter:card\" content=\"summary_large_image\" \/>\n<meta name=\"twitter:label1\" content=\"Written by\" \/>\n\t<meta name=\"twitter:data1\" content=\"Mike Patten\" \/>\n\t<meta name=\"twitter:label2\" content=\"Est. reading time\" \/>\n\t<meta name=\"twitter:data2\" content=\"1 minute\" \/>\n<script type=\"application\/ld+json\" class=\"yoast-schema-graph\">{\"@context\":\"https:\\\/\\\/schema.org\",\"@graph\":[{\"@type\":\"Article\",\"@id\":\"https:\\\/\\\/www.baca.ca\\\/en\\\/opening-reception-creation-stories-art-mur\\\/#article\",\"isPartOf\":{\"@id\":\"https:\\\/\\\/www.baca.ca\\\/en\\\/opening-reception-creation-stories-art-mur\\\/\"},\"author\":{\"name\":\"Mike Patten\",\"@id\":\"https:\\\/\\\/www.baca.ca\\\/en\\\/#\\\/schema\\\/person\\\/115b6be02025ee3ab333f9a67d5c07ae\"},\"headline\":\"Opening reception | Creation Stories |\u00a0Art M\u00fbr\",\"datePublished\":\"2024-04-24T00:20:39+00:00\",\"dateModified\":\"2024-08-17T15:57:35+00:00\",\"mainEntityOfPage\":{\"@id\":\"https:\\\/\\\/www.baca.ca\\\/en\\\/opening-reception-creation-stories-art-mur\\\/\"},\"wordCount\":151,\"commentCount\":0,\"publisher\":{\"@id\":\"https:\\\/\\\/www.baca.ca\\\/en\\\/#organization\"},\"image\":{\"@id\":\"https:\\\/\\\/www.baca.ca\\\/en\\\/opening-reception-creation-stories-art-mur\\\/#primaryimage\"},\"thumbnailUrl\":\"https:\\\/\\\/www.baca.ca\\\/wp-content\\\/uploads\\\/2024\\\/04\\\/Maria-Margaretta.jpg\",\"inLanguage\":\"en-US\",\"potentialAction\":[{\"@type\":\"CommentAction\",\"name\":\"Comment\",\"target\":[\"https:\\\/\\\/www.baca.ca\\\/en\\\/opening-reception-creation-stories-art-mur\\\/#respond\"]}]},{\"@type\":\"WebPage\",\"@id\":\"https:\\\/\\\/www.baca.ca\\\/en\\\/opening-reception-creation-stories-art-mur\\\/\",\"url\":\"https:\\\/\\\/www.baca.ca\\\/en\\\/opening-reception-creation-stories-art-mur\\\/\",\"name\":\"Opening reception | Creation Stories |\u00a0Art M\u00fbr | La Biennale d\u2019art contemporain autochtone\",\"isPartOf\":{\"@id\":\"https:\\\/\\\/www.baca.ca\\\/en\\\/#website\"},\"primaryImageOfPage\":{\"@id\":\"https:\\\/\\\/www.baca.ca\\\/en\\\/opening-reception-creation-stories-art-mur\\\/#primaryimage\"},\"image\":{\"@id\":\"https:\\\/\\\/www.baca.ca\\\/en\\\/opening-reception-creation-stories-art-mur\\\/#primaryimage\"},\"thumbnailUrl\":\"https:\\\/\\\/www.baca.ca\\\/wp-content\\\/uploads\\\/2024\\\/04\\\/Maria-Margaretta.jpg\",\"datePublished\":\"2024-04-24T00:20:39+00:00\",\"dateModified\":\"2024-08-17T15:57:35+00:00\",\"breadcrumb\":{\"@id\":\"https:\\\/\\\/www.baca.ca\\\/en\\\/opening-reception-creation-stories-art-mur\\\/#breadcrumb\"},\"inLanguage\":\"en-US\",\"potentialAction\":[{\"@type\":\"ReadAction\",\"target\":[\"https:\\\/\\\/www.baca.ca\\\/en\\\/opening-reception-creation-stories-art-mur\\\/\"]}]},{\"@type\":\"ImageObject\",\"inLanguage\":\"en-US\",\"@id\":\"https:\\\/\\\/www.baca.ca\\\/en\\\/opening-reception-creation-stories-art-mur\\\/#primaryimage\",\"url\":\"https:\\\/\\\/www.baca.ca\\\/wp-content\\\/uploads\\\/2024\\\/04\\\/Maria-Margaretta.jpg\",\"contentUrl\":\"https:\\\/\\\/www.baca.ca\\\/wp-content\\\/uploads\\\/2024\\\/04\\\/Maria-Margaretta.jpg\",\"width\":1536,\"height\":441},{\"@type\":\"BreadcrumbList\",\"@id\":\"https:\\\/\\\/www.baca.ca\\\/en\\\/opening-reception-creation-stories-art-mur\\\/#breadcrumb\",\"itemListElement\":[{\"@type\":\"ListItem\",\"position\":1,\"name\":\"Home\",\"item\":\"https:\\\/\\\/www.baca.ca\\\/en\\\/\"},{\"@type\":\"ListItem\",\"position\":2,\"name\":\"Opening reception | Creation Stories |\u00a0Art M\u00fbr\"}]},{\"@type\":\"WebSite\",\"@id\":\"https:\\\/\\\/www.baca.ca\\\/en\\\/#website\",\"url\":\"https:\\\/\\\/www.baca.ca\\\/en\\\/\",\"name\":\"La Biennale d\u2019art contemporain autochtone\",\"description\":\"Contemporary Native Art Biennial (BACA)\",\"publisher\":{\"@id\":\"https:\\\/\\\/www.baca.ca\\\/en\\\/#organization\"},\"potentialAction\":[{\"@type\":\"SearchAction\",\"target\":{\"@type\":\"EntryPoint\",\"urlTemplate\":\"https:\\\/\\\/www.baca.ca\\\/en\\\/?s={search_term_string}\"},\"query-input\":{\"@type\":\"PropertyValueSpecification\",\"valueRequired\":true,\"valueName\":\"search_term_string\"}}],\"inLanguage\":\"en-US\"},{\"@type\":\"Organization\",\"@id\":\"https:\\\/\\\/www.baca.ca\\\/en\\\/#organization\",\"name\":\"BACA\",\"url\":\"https:\\\/\\\/www.baca.ca\\\/en\\\/\",\"logo\":{\"@type\":\"ImageObject\",\"inLanguage\":\"en-US\",\"@id\":\"https:\\\/\\\/www.baca.ca\\\/en\\\/#\\\/schema\\\/logo\\\/image\\\/\",\"url\":\"https:\\\/\\\/www.baca.ca\\\/wp-content\\\/uploads\\\/2018\\\/03\\\/BACA.png\",\"contentUrl\":\"https:\\\/\\\/www.baca.ca\\\/wp-content\\\/uploads\\\/2018\\\/03\\\/BACA.png\",\"width\":220,\"height\":50,\"caption\":\"BACA\"},\"image\":{\"@id\":\"https:\\\/\\\/www.baca.ca\\\/en\\\/#\\\/schema\\\/logo\\\/image\\\/\"},\"sameAs\":[\"https:\\\/\\\/www.facebook.com\\\/bacabiennale\\\/\",\"https:\\\/\\\/www.instagram.com\\\/bacabiennale\",\"https:\\\/\\\/bsky.app\\\/profile\\\/bacabiennale.bsky.social\"]},{\"@type\":\"Person\",\"@id\":\"https:\\\/\\\/www.baca.ca\\\/en\\\/#\\\/schema\\\/person\\\/115b6be02025ee3ab333f9a67d5c07ae\",\"name\":\"Mike Patten\",\"image\":{\"@type\":\"ImageObject\",\"inLanguage\":\"en-US\",\"@id\":\"https:\\\/\\\/secure.gravatar.com\\\/avatar\\\/f7c8131429ee4b963988d8afd2c0365781ec59cc3d65fee9c4cf8b07ab2be240?s=96&d=mm&r=g\",\"url\":\"https:\\\/\\\/secure.gravatar.com\\\/avatar\\\/f7c8131429ee4b963988d8afd2c0365781ec59cc3d65fee9c4cf8b07ab2be240?s=96&d=mm&r=g\",\"contentUrl\":\"https:\\\/\\\/secure.gravatar.com\\\/avatar\\\/f7c8131429ee4b963988d8afd2c0365781ec59cc3d65fee9c4cf8b07ab2be240?s=96&d=mm&r=g\",\"caption\":\"Mike Patten\"}}]}<\/script>\n<!-- \/ Yoast SEO plugin. -->","yoast_head_json":{"title":"Opening reception | Creation Stories |\u00a0Art M\u00fbr | La Biennale d\u2019art contemporain autochtone","robots":{"index":"index","follow":"follow","max-snippet":"max-snippet:-1","max-image-preview":"max-image-preview:large","max-video-preview":"max-video-preview:-1"},"canonical":"https:\/\/www.baca.ca\/en\/opening-reception-creation-stories-art-mur\/","og_locale":"en_US","og_type":"article","og_title":"Opening reception | Creation Stories |\u00a0Art M\u00fbr | La Biennale d\u2019art contemporain autochtone","og_description":"[vc_row][vc_column width=&#8221;1\/2&#8243;][vc_column_text uncode_shortcode_id=&#8221;120125&#8243;]May 4 &#8211; June 22, 2024 Opening reception: Saturday, May 4, 2024, 3 p.m. to 5 p.m. Creation [&hellip;]","og_url":"https:\/\/www.baca.ca\/en\/opening-reception-creation-stories-art-mur\/","og_site_name":"La Biennale d\u2019art contemporain autochtone","article_publisher":"https:\/\/www.facebook.com\/bacabiennale\/","article_published_time":"2024-04-24T00:20:39+00:00","article_modified_time":"2024-08-17T15:57:35+00:00","og_image":[{"width":1536,"height":441,"url":"https:\/\/www.baca.ca\/wp-content\/uploads\/2024\/04\/Maria-Margaretta.jpg","type":"image\/jpeg"}],"author":"Mike Patten","twitter_card":"summary_large_image","twitter_misc":{"Written by":"Mike Patten","Est. reading time":"1 minute"},"schema":{"@context":"https:\/\/schema.org","@graph":[{"@type":"Article","@id":"https:\/\/www.baca.ca\/en\/opening-reception-creation-stories-art-mur\/#article","isPartOf":{"@id":"https:\/\/www.baca.ca\/en\/opening-reception-creation-stories-art-mur\/"},"author":{"name":"Mike Patten","@id":"https:\/\/www.baca.ca\/en\/#\/schema\/person\/115b6be02025ee3ab333f9a67d5c07ae"},"headline":"Opening reception | Creation Stories |\u00a0Art M\u00fbr","datePublished":"2024-04-24T00:20:39+00:00","dateModified":"2024-08-17T15:57:35+00:00","mainEntityOfPage":{"@id":"https:\/\/www.baca.ca\/en\/opening-reception-creation-stories-art-mur\/"},"wordCount":151,"commentCount":0,"publisher":{"@id":"https:\/\/www.baca.ca\/en\/#organization"},"image":{"@id":"https:\/\/www.baca.ca\/en\/opening-reception-creation-stories-art-mur\/#primaryimage"},"thumbnailUrl":"https:\/\/www.baca.ca\/wp-content\/uploads\/2024\/04\/Maria-Margaretta.jpg","inLanguage":"en-US","potentialAction":[{"@type":"CommentAction","name":"Comment","target":["https:\/\/www.baca.ca\/en\/opening-reception-creation-stories-art-mur\/#respond"]}]},{"@type":"WebPage","@id":"https:\/\/www.baca.ca\/en\/opening-reception-creation-stories-art-mur\/","url":"https:\/\/www.baca.ca\/en\/opening-reception-creation-stories-art-mur\/","name":"Opening reception | Creation Stories |\u00a0Art M\u00fbr | La Biennale d\u2019art contemporain autochtone","isPartOf":{"@id":"https:\/\/www.baca.ca\/en\/#website"},"primaryImageOfPage":{"@id":"https:\/\/www.baca.ca\/en\/opening-reception-creation-stories-art-mur\/#primaryimage"},"image":{"@id":"https:\/\/www.baca.ca\/en\/opening-reception-creation-stories-art-mur\/#primaryimage"},"thumbnailUrl":"https:\/\/www.baca.ca\/wp-content\/uploads\/2024\/04\/Maria-Margaretta.jpg","datePublished":"2024-04-24T00:20:39+00:00","dateModified":"2024-08-17T15:57:35+00:00","breadcrumb":{"@id":"https:\/\/www.baca.ca\/en\/opening-reception-creation-stories-art-mur\/#breadcrumb"},"inLanguage":"en-US","potentialAction":[{"@type":"ReadAction","target":["https:\/\/www.baca.ca\/en\/opening-reception-creation-stories-art-mur\/"]}]},{"@type":"ImageObject","inLanguage":"en-US","@id":"https:\/\/www.baca.ca\/en\/opening-reception-creation-stories-art-mur\/#primaryimage","url":"https:\/\/www.baca.ca\/wp-content\/uploads\/2024\/04\/Maria-Margaretta.jpg","contentUrl":"https:\/\/www.baca.ca\/wp-content\/uploads\/2024\/04\/Maria-Margaretta.jpg","width":1536,"height":441},{"@type":"BreadcrumbList","@id":"https:\/\/www.baca.ca\/en\/opening-reception-creation-stories-art-mur\/#breadcrumb","itemListElement":[{"@type":"ListItem","position":1,"name":"Home","item":"https:\/\/www.baca.ca\/en\/"},{"@type":"ListItem","position":2,"name":"Opening reception | Creation Stories |\u00a0Art M\u00fbr"}]},{"@type":"WebSite","@id":"https:\/\/www.baca.ca\/en\/#website","url":"https:\/\/www.baca.ca\/en\/","name":"La Biennale d\u2019art contemporain autochtone","description":"Contemporary Native Art Biennial (BACA)","publisher":{"@id":"https:\/\/www.baca.ca\/en\/#organization"},"potentialAction":[{"@type":"SearchAction","target":{"@type":"EntryPoint","urlTemplate":"https:\/\/www.baca.ca\/en\/?s={search_term_string}"},"query-input":{"@type":"PropertyValueSpecification","valueRequired":true,"valueName":"search_term_string"}}],"inLanguage":"en-US"},{"@type":"Organization","@id":"https:\/\/www.baca.ca\/en\/#organization","name":"BACA","url":"https:\/\/www.baca.ca\/en\/","logo":{"@type":"ImageObject","inLanguage":"en-US","@id":"https:\/\/www.baca.ca\/en\/#\/schema\/logo\/image\/","url":"https:\/\/www.baca.ca\/wp-content\/uploads\/2018\/03\/BACA.png","contentUrl":"https:\/\/www.baca.ca\/wp-content\/uploads\/2018\/03\/BACA.png","width":220,"height":50,"caption":"BACA"},"image":{"@id":"https:\/\/www.baca.ca\/en\/#\/schema\/logo\/image\/"},"sameAs":["https:\/\/www.facebook.com\/bacabiennale\/","https:\/\/www.instagram.com\/bacabiennale","https:\/\/bsky.app\/profile\/bacabiennale.bsky.social"]},{"@type":"Person","@id":"https:\/\/www.baca.ca\/en\/#\/schema\/person\/115b6be02025ee3ab333f9a67d5c07ae","name":"Mike Patten","image":{"@type":"ImageObject","inLanguage":"en-US","@id":"https:\/\/secure.gravatar.com\/avatar\/f7c8131429ee4b963988d8afd2c0365781ec59cc3d65fee9c4cf8b07ab2be240?s=96&d=mm&r=g","url":"https:\/\/secure.gravatar.com\/avatar\/f7c8131429ee4b963988d8afd2c0365781ec59cc3d65fee9c4cf8b07ab2be240?s=96&d=mm&r=g","contentUrl":"https:\/\/secure.gravatar.com\/avatar\/f7c8131429ee4b963988d8afd2c0365781ec59cc3d65fee9c4cf8b07ab2be240?s=96&d=mm&r=g","caption":"Mike Patten"}}]}},"_links":{"self":[{"href":"https:\/\/www.baca.ca\/en\/wp-json\/wp\/v2\/posts\/89116","targetHints":{"allow":["GET"]}}],"collection":[{"href":"https:\/\/www.baca.ca\/en\/wp-json\/wp\/v2\/posts"}],"about":[{"href":"https:\/\/www.baca.ca\/en\/wp-json\/wp\/v2\/types\/post"}],"author":[{"embeddable":true,"href":"https:\/\/www.baca.ca\/en\/wp-json\/wp\/v2\/users\/1"}],"replies":[{"embeddable":true,"href":"https:\/\/www.baca.ca\/en\/wp-json\/wp\/v2\/comments?post=89116"}],"version-history":[{"count":0,"href":"https:\/\/www.baca.ca\/en\/wp-json\/wp\/v2\/posts\/89116\/revisions"}],"wp:featuredmedia":[{"embeddable":true,"href":"https:\/\/www.baca.ca\/en\/wp-json\/wp\/v2\/media\/89129"}],"wp:attachment":[{"href":"https:\/\/www.baca.ca\/en\/wp-json\/wp\/v2\/media?parent=89116"}],"wp:term":[{"taxonomy":"category","embeddable":true,"href":"https:\/\/www.baca.ca\/en\/wp-json\/wp\/v2\/categories?post=89116"},{"taxonomy":"post_tag","embeddable":true,"href":"https:\/\/www.baca.ca\/en\/wp-json\/wp\/v2\/tags?post=89116"}],"curies":[{"name":"wp","href":"https:\/\/api.w.org\/{rel}","templated":true}]}}