{"id":87784,"date":"2023-04-07T21:54:29","date_gmt":"2023-04-07T21:54:29","guid":{"rendered":"https:\/\/www.baca.ca\/vernissage-art-sur-pellicule\/"},"modified":"2023-04-07T21:56:33","modified_gmt":"2023-04-07T21:56:33","slug":"vernissage-art-sur-pellicule","status":"publish","type":"post","link":"https:\/\/www.baca.ca\/en\/vernissage-art-sur-pellicule\/","title":{"rendered":"Opening reception: Art sur pellicule"},"content":{"rendered":"<div class=\"wpb-content-wrapper\"><p>[vc_row][vc_column width=&#8221;1\/2&#8243;][vc_column_text uncode_shortcode_id=&#8221;115596&#8243;]March 18 \u2013 April 22, 2023<br \/>\nOpening reception: Saturday, March 18th at 2 p.m.<br \/>\n<em>Art on Film: Fine Art Short Films from Wapikoni<\/em><\/p>\n<p>Artists : Raymond Caplin (Mi\u2019gmaq), Craig Commanda (Anishinaabe), Kevin Papatie (Anishinaabe), Kij\u00e2tai-Alexandra Veillette-Cheezo (Anishinaabe).<\/p>\n<p>Sh\u00e9:kon Gallery is proud to present the work of four emerging Indigenous filmmakers. We believe that the stories of Indigenous people are important, and that it\u2019s our responsibility to make sure these stories are heard and seen by as many people as possible. We hope you enjoy this collection of short films from some of our most talented young directors! Produced by Wapikoni, these videos are presented in conjunction with 41st edition of the International Festival of Films on Art (FIFA). Wakiponi ambassadors and artists will be present for the opening.<\/p>\n<p>Wapikoni is a non-profit organization founded in 2004. Wapikoni is involved in mediation, intervention, training and audiovisual creation for Indigenous youth.<\/p>\n<p>We would like to thank the Conseil des arts du Canada, the Conseil des arts de Montr\u00e9al, and the Conseil des arts et des lettres du Qu\u00e9bec for their generous support towards Sh\u00e9:kon Gallery \u2013 a space dedicated to emerging Indigenous artists and curators from Qu\u00e9bec.<\/p>\n<p>Sh\u00e9:kon Gallery<br \/>\n5826 St-Hubert Street, 2nd floor<br \/>\nTiohti\u00e0:ke \/ Mooniyang \/ Montreal, QC, H2S 2L7[\/vc_column_text][\/vc_column][vc_column width=&#8221;1\/2&#8243;][vc_single_image media=&#8221;87648&#8243; media_width_percent=&#8221;100&#8243; uncode_shortcode_id=&#8221;208334&#8243;][\/vc_column][\/vc_row]<\/p>\n<\/div>","protected":false},"excerpt":{"rendered":"<p>[vc_row][vc_column width=&#8221;1\/2&#8243;][vc_column_text uncode_shortcode_id=&#8221;115596&#8243;]March 18 \u2013 April 22, 2023 Opening reception: Saturday, March 18th at 2 p.m. Art on Film: Fine [&hellip;]<\/p>\n","protected":false},"author":1,"featured_media":87648,"comment_status":"open","ping_status":"open","sticky":false,"template":"","format":"standard","meta":{"footnotes":""},"categories":[1],"tags":[],"class_list":["post-87784","post","type-post","status-publish","format-standard","has-post-thumbnail","hentry","category-uncategorized"],"yoast_head":"<!-- This site is optimized with the Yoast SEO plugin v27.5 - https:\/\/yoast.com\/product\/yoast-seo-wordpress\/ -->\n<title>Opening reception: Art sur pellicule | La Biennale d\u2019art contemporain autochtone<\/title>\n<meta name=\"robots\" content=\"index, follow, max-snippet:-1, max-image-preview:large, max-video-preview:-1\" \/>\n<link rel=\"canonical\" href=\"https:\/\/www.baca.ca\/en\/vernissage-art-sur-pellicule\/\" \/>\n<meta property=\"og:locale\" content=\"en_US\" \/>\n<meta property=\"og:type\" content=\"article\" \/>\n<meta property=\"og:title\" content=\"Opening reception: Art sur pellicule | La Biennale d\u2019art contemporain autochtone\" \/>\n<meta property=\"og:description\" content=\"[vc_row][vc_column width=&#8221;1\/2&#8243;][vc_column_text uncode_shortcode_id=&#8221;115596&#8243;]March 18 \u2013 April 22, 2023 Opening reception: Saturday, March 18th at 2 p.m. Art on Film: Fine [&hellip;]\" \/>\n<meta property=\"og:url\" content=\"https:\/\/www.baca.ca\/en\/vernissage-art-sur-pellicule\/\" \/>\n<meta property=\"og:site_name\" content=\"La Biennale d\u2019art contemporain autochtone\" \/>\n<meta property=\"article:publisher\" content=\"https:\/\/www.facebook.com\/bacabiennale\/\" \/>\n<meta property=\"article:published_time\" content=\"2023-04-07T21:54:29+00:00\" \/>\n<meta property=\"article:modified_time\" content=\"2023-04-07T21:56:33+00:00\" \/>\n<meta property=\"og:image\" content=\"https:\/\/www.baca.ca\/wp-content\/uploads\/2023\/03\/Kijatai-Alexandra-Veillette-Cheezo-Odehimin.jpg\" \/>\n\t<meta property=\"og:image:width\" content=\"1536\" \/>\n\t<meta property=\"og:image:height\" content=\"864\" \/>\n\t<meta property=\"og:image:type\" content=\"image\/jpeg\" \/>\n<meta name=\"author\" content=\"Mike Patten\" \/>\n<meta name=\"twitter:card\" content=\"summary_large_image\" \/>\n<meta name=\"twitter:label1\" content=\"Written by\" \/>\n\t<meta name=\"twitter:data1\" content=\"Mike Patten\" \/>\n\t<meta name=\"twitter:label2\" content=\"Est. reading time\" \/>\n\t<meta name=\"twitter:data2\" content=\"1 minute\" \/>\n<script type=\"application\/ld+json\" class=\"yoast-schema-graph\">{\"@context\":\"https:\\\/\\\/schema.org\",\"@graph\":[{\"@type\":\"Article\",\"@id\":\"https:\\\/\\\/www.baca.ca\\\/en\\\/vernissage-art-sur-pellicule\\\/#article\",\"isPartOf\":{\"@id\":\"https:\\\/\\\/www.baca.ca\\\/en\\\/vernissage-art-sur-pellicule\\\/\"},\"author\":{\"name\":\"Mike Patten\",\"@id\":\"https:\\\/\\\/www.baca.ca\\\/en\\\/#\\\/schema\\\/person\\\/115b6be02025ee3ab333f9a67d5c07ae\"},\"headline\":\"Opening reception: Art sur pellicule\",\"datePublished\":\"2023-04-07T21:54:29+00:00\",\"dateModified\":\"2023-04-07T21:56:33+00:00\",\"mainEntityOfPage\":{\"@id\":\"https:\\\/\\\/www.baca.ca\\\/en\\\/vernissage-art-sur-pellicule\\\/\"},\"wordCount\":249,\"commentCount\":0,\"publisher\":{\"@id\":\"https:\\\/\\\/www.baca.ca\\\/en\\\/#organization\"},\"image\":{\"@id\":\"https:\\\/\\\/www.baca.ca\\\/en\\\/vernissage-art-sur-pellicule\\\/#primaryimage\"},\"thumbnailUrl\":\"https:\\\/\\\/www.baca.ca\\\/wp-content\\\/uploads\\\/2023\\\/03\\\/Kijatai-Alexandra-Veillette-Cheezo-Odehimin.jpg\",\"inLanguage\":\"en-US\",\"potentialAction\":[{\"@type\":\"CommentAction\",\"name\":\"Comment\",\"target\":[\"https:\\\/\\\/www.baca.ca\\\/en\\\/vernissage-art-sur-pellicule\\\/#respond\"]}]},{\"@type\":\"WebPage\",\"@id\":\"https:\\\/\\\/www.baca.ca\\\/en\\\/vernissage-art-sur-pellicule\\\/\",\"url\":\"https:\\\/\\\/www.baca.ca\\\/en\\\/vernissage-art-sur-pellicule\\\/\",\"name\":\"Opening reception: Art sur pellicule | La Biennale d\u2019art contemporain autochtone\",\"isPartOf\":{\"@id\":\"https:\\\/\\\/www.baca.ca\\\/en\\\/#website\"},\"primaryImageOfPage\":{\"@id\":\"https:\\\/\\\/www.baca.ca\\\/en\\\/vernissage-art-sur-pellicule\\\/#primaryimage\"},\"image\":{\"@id\":\"https:\\\/\\\/www.baca.ca\\\/en\\\/vernissage-art-sur-pellicule\\\/#primaryimage\"},\"thumbnailUrl\":\"https:\\\/\\\/www.baca.ca\\\/wp-content\\\/uploads\\\/2023\\\/03\\\/Kijatai-Alexandra-Veillette-Cheezo-Odehimin.jpg\",\"datePublished\":\"2023-04-07T21:54:29+00:00\",\"dateModified\":\"2023-04-07T21:56:33+00:00\",\"breadcrumb\":{\"@id\":\"https:\\\/\\\/www.baca.ca\\\/en\\\/vernissage-art-sur-pellicule\\\/#breadcrumb\"},\"inLanguage\":\"en-US\",\"potentialAction\":[{\"@type\":\"ReadAction\",\"target\":[\"https:\\\/\\\/www.baca.ca\\\/en\\\/vernissage-art-sur-pellicule\\\/\"]}]},{\"@type\":\"ImageObject\",\"inLanguage\":\"en-US\",\"@id\":\"https:\\\/\\\/www.baca.ca\\\/en\\\/vernissage-art-sur-pellicule\\\/#primaryimage\",\"url\":\"https:\\\/\\\/www.baca.ca\\\/wp-content\\\/uploads\\\/2023\\\/03\\\/Kijatai-Alexandra-Veillette-Cheezo-Odehimin.jpg\",\"contentUrl\":\"https:\\\/\\\/www.baca.ca\\\/wp-content\\\/uploads\\\/2023\\\/03\\\/Kijatai-Alexandra-Veillette-Cheezo-Odehimin.jpg\",\"width\":1536,\"height\":864,\"caption\":\"Kij\u00e2tai-Alexandra Veillette-Cheezo, Odehimin, 2020\"},{\"@type\":\"BreadcrumbList\",\"@id\":\"https:\\\/\\\/www.baca.ca\\\/en\\\/vernissage-art-sur-pellicule\\\/#breadcrumb\",\"itemListElement\":[{\"@type\":\"ListItem\",\"position\":1,\"name\":\"Home\",\"item\":\"https:\\\/\\\/www.baca.ca\\\/en\\\/\"},{\"@type\":\"ListItem\",\"position\":2,\"name\":\"Opening reception: Art sur pellicule\"}]},{\"@type\":\"WebSite\",\"@id\":\"https:\\\/\\\/www.baca.ca\\\/en\\\/#website\",\"url\":\"https:\\\/\\\/www.baca.ca\\\/en\\\/\",\"name\":\"La Biennale d\u2019art contemporain autochtone\",\"description\":\"Contemporary Native Art Biennial (BACA)\",\"publisher\":{\"@id\":\"https:\\\/\\\/www.baca.ca\\\/en\\\/#organization\"},\"potentialAction\":[{\"@type\":\"SearchAction\",\"target\":{\"@type\":\"EntryPoint\",\"urlTemplate\":\"https:\\\/\\\/www.baca.ca\\\/en\\\/?s={search_term_string}\"},\"query-input\":{\"@type\":\"PropertyValueSpecification\",\"valueRequired\":true,\"valueName\":\"search_term_string\"}}],\"inLanguage\":\"en-US\"},{\"@type\":\"Organization\",\"@id\":\"https:\\\/\\\/www.baca.ca\\\/en\\\/#organization\",\"name\":\"BACA\",\"url\":\"https:\\\/\\\/www.baca.ca\\\/en\\\/\",\"logo\":{\"@type\":\"ImageObject\",\"inLanguage\":\"en-US\",\"@id\":\"https:\\\/\\\/www.baca.ca\\\/en\\\/#\\\/schema\\\/logo\\\/image\\\/\",\"url\":\"https:\\\/\\\/www.baca.ca\\\/wp-content\\\/uploads\\\/2018\\\/03\\\/BACA.png\",\"contentUrl\":\"https:\\\/\\\/www.baca.ca\\\/wp-content\\\/uploads\\\/2018\\\/03\\\/BACA.png\",\"width\":220,\"height\":50,\"caption\":\"BACA\"},\"image\":{\"@id\":\"https:\\\/\\\/www.baca.ca\\\/en\\\/#\\\/schema\\\/logo\\\/image\\\/\"},\"sameAs\":[\"https:\\\/\\\/www.facebook.com\\\/bacabiennale\\\/\",\"https:\\\/\\\/www.instagram.com\\\/bacabiennale\",\"https:\\\/\\\/bsky.app\\\/profile\\\/bacabiennale.bsky.social\"]},{\"@type\":\"Person\",\"@id\":\"https:\\\/\\\/www.baca.ca\\\/en\\\/#\\\/schema\\\/person\\\/115b6be02025ee3ab333f9a67d5c07ae\",\"name\":\"Mike Patten\",\"image\":{\"@type\":\"ImageObject\",\"inLanguage\":\"en-US\",\"@id\":\"https:\\\/\\\/secure.gravatar.com\\\/avatar\\\/f7c8131429ee4b963988d8afd2c0365781ec59cc3d65fee9c4cf8b07ab2be240?s=96&d=mm&r=g\",\"url\":\"https:\\\/\\\/secure.gravatar.com\\\/avatar\\\/f7c8131429ee4b963988d8afd2c0365781ec59cc3d65fee9c4cf8b07ab2be240?s=96&d=mm&r=g\",\"contentUrl\":\"https:\\\/\\\/secure.gravatar.com\\\/avatar\\\/f7c8131429ee4b963988d8afd2c0365781ec59cc3d65fee9c4cf8b07ab2be240?s=96&d=mm&r=g\",\"caption\":\"Mike Patten\"}}]}<\/script>\n<!-- \/ Yoast SEO plugin. -->","yoast_head_json":{"title":"Opening reception: Art sur pellicule | La Biennale d\u2019art contemporain autochtone","robots":{"index":"index","follow":"follow","max-snippet":"max-snippet:-1","max-image-preview":"max-image-preview:large","max-video-preview":"max-video-preview:-1"},"canonical":"https:\/\/www.baca.ca\/en\/vernissage-art-sur-pellicule\/","og_locale":"en_US","og_type":"article","og_title":"Opening reception: Art sur pellicule | La Biennale d\u2019art contemporain autochtone","og_description":"[vc_row][vc_column width=&#8221;1\/2&#8243;][vc_column_text uncode_shortcode_id=&#8221;115596&#8243;]March 18 \u2013 April 22, 2023 Opening reception: Saturday, March 18th at 2 p.m. Art on Film: Fine [&hellip;]","og_url":"https:\/\/www.baca.ca\/en\/vernissage-art-sur-pellicule\/","og_site_name":"La Biennale d\u2019art contemporain autochtone","article_publisher":"https:\/\/www.facebook.com\/bacabiennale\/","article_published_time":"2023-04-07T21:54:29+00:00","article_modified_time":"2023-04-07T21:56:33+00:00","og_image":[{"width":1536,"height":864,"url":"https:\/\/www.baca.ca\/wp-content\/uploads\/2023\/03\/Kijatai-Alexandra-Veillette-Cheezo-Odehimin.jpg","type":"image\/jpeg"}],"author":"Mike Patten","twitter_card":"summary_large_image","twitter_misc":{"Written by":"Mike Patten","Est. reading time":"1 minute"},"schema":{"@context":"https:\/\/schema.org","@graph":[{"@type":"Article","@id":"https:\/\/www.baca.ca\/en\/vernissage-art-sur-pellicule\/#article","isPartOf":{"@id":"https:\/\/www.baca.ca\/en\/vernissage-art-sur-pellicule\/"},"author":{"name":"Mike Patten","@id":"https:\/\/www.baca.ca\/en\/#\/schema\/person\/115b6be02025ee3ab333f9a67d5c07ae"},"headline":"Opening reception: Art sur pellicule","datePublished":"2023-04-07T21:54:29+00:00","dateModified":"2023-04-07T21:56:33+00:00","mainEntityOfPage":{"@id":"https:\/\/www.baca.ca\/en\/vernissage-art-sur-pellicule\/"},"wordCount":249,"commentCount":0,"publisher":{"@id":"https:\/\/www.baca.ca\/en\/#organization"},"image":{"@id":"https:\/\/www.baca.ca\/en\/vernissage-art-sur-pellicule\/#primaryimage"},"thumbnailUrl":"https:\/\/www.baca.ca\/wp-content\/uploads\/2023\/03\/Kijatai-Alexandra-Veillette-Cheezo-Odehimin.jpg","inLanguage":"en-US","potentialAction":[{"@type":"CommentAction","name":"Comment","target":["https:\/\/www.baca.ca\/en\/vernissage-art-sur-pellicule\/#respond"]}]},{"@type":"WebPage","@id":"https:\/\/www.baca.ca\/en\/vernissage-art-sur-pellicule\/","url":"https:\/\/www.baca.ca\/en\/vernissage-art-sur-pellicule\/","name":"Opening reception: Art sur pellicule | La Biennale d\u2019art contemporain autochtone","isPartOf":{"@id":"https:\/\/www.baca.ca\/en\/#website"},"primaryImageOfPage":{"@id":"https:\/\/www.baca.ca\/en\/vernissage-art-sur-pellicule\/#primaryimage"},"image":{"@id":"https:\/\/www.baca.ca\/en\/vernissage-art-sur-pellicule\/#primaryimage"},"thumbnailUrl":"https:\/\/www.baca.ca\/wp-content\/uploads\/2023\/03\/Kijatai-Alexandra-Veillette-Cheezo-Odehimin.jpg","datePublished":"2023-04-07T21:54:29+00:00","dateModified":"2023-04-07T21:56:33+00:00","breadcrumb":{"@id":"https:\/\/www.baca.ca\/en\/vernissage-art-sur-pellicule\/#breadcrumb"},"inLanguage":"en-US","potentialAction":[{"@type":"ReadAction","target":["https:\/\/www.baca.ca\/en\/vernissage-art-sur-pellicule\/"]}]},{"@type":"ImageObject","inLanguage":"en-US","@id":"https:\/\/www.baca.ca\/en\/vernissage-art-sur-pellicule\/#primaryimage","url":"https:\/\/www.baca.ca\/wp-content\/uploads\/2023\/03\/Kijatai-Alexandra-Veillette-Cheezo-Odehimin.jpg","contentUrl":"https:\/\/www.baca.ca\/wp-content\/uploads\/2023\/03\/Kijatai-Alexandra-Veillette-Cheezo-Odehimin.jpg","width":1536,"height":864,"caption":"Kij\u00e2tai-Alexandra Veillette-Cheezo, Odehimin, 2020"},{"@type":"BreadcrumbList","@id":"https:\/\/www.baca.ca\/en\/vernissage-art-sur-pellicule\/#breadcrumb","itemListElement":[{"@type":"ListItem","position":1,"name":"Home","item":"https:\/\/www.baca.ca\/en\/"},{"@type":"ListItem","position":2,"name":"Opening reception: Art sur pellicule"}]},{"@type":"WebSite","@id":"https:\/\/www.baca.ca\/en\/#website","url":"https:\/\/www.baca.ca\/en\/","name":"La Biennale d\u2019art contemporain autochtone","description":"Contemporary Native Art Biennial (BACA)","publisher":{"@id":"https:\/\/www.baca.ca\/en\/#organization"},"potentialAction":[{"@type":"SearchAction","target":{"@type":"EntryPoint","urlTemplate":"https:\/\/www.baca.ca\/en\/?s={search_term_string}"},"query-input":{"@type":"PropertyValueSpecification","valueRequired":true,"valueName":"search_term_string"}}],"inLanguage":"en-US"},{"@type":"Organization","@id":"https:\/\/www.baca.ca\/en\/#organization","name":"BACA","url":"https:\/\/www.baca.ca\/en\/","logo":{"@type":"ImageObject","inLanguage":"en-US","@id":"https:\/\/www.baca.ca\/en\/#\/schema\/logo\/image\/","url":"https:\/\/www.baca.ca\/wp-content\/uploads\/2018\/03\/BACA.png","contentUrl":"https:\/\/www.baca.ca\/wp-content\/uploads\/2018\/03\/BACA.png","width":220,"height":50,"caption":"BACA"},"image":{"@id":"https:\/\/www.baca.ca\/en\/#\/schema\/logo\/image\/"},"sameAs":["https:\/\/www.facebook.com\/bacabiennale\/","https:\/\/www.instagram.com\/bacabiennale","https:\/\/bsky.app\/profile\/bacabiennale.bsky.social"]},{"@type":"Person","@id":"https:\/\/www.baca.ca\/en\/#\/schema\/person\/115b6be02025ee3ab333f9a67d5c07ae","name":"Mike Patten","image":{"@type":"ImageObject","inLanguage":"en-US","@id":"https:\/\/secure.gravatar.com\/avatar\/f7c8131429ee4b963988d8afd2c0365781ec59cc3d65fee9c4cf8b07ab2be240?s=96&d=mm&r=g","url":"https:\/\/secure.gravatar.com\/avatar\/f7c8131429ee4b963988d8afd2c0365781ec59cc3d65fee9c4cf8b07ab2be240?s=96&d=mm&r=g","contentUrl":"https:\/\/secure.gravatar.com\/avatar\/f7c8131429ee4b963988d8afd2c0365781ec59cc3d65fee9c4cf8b07ab2be240?s=96&d=mm&r=g","caption":"Mike Patten"}}]}},"_links":{"self":[{"href":"https:\/\/www.baca.ca\/en\/wp-json\/wp\/v2\/posts\/87784","targetHints":{"allow":["GET"]}}],"collection":[{"href":"https:\/\/www.baca.ca\/en\/wp-json\/wp\/v2\/posts"}],"about":[{"href":"https:\/\/www.baca.ca\/en\/wp-json\/wp\/v2\/types\/post"}],"author":[{"embeddable":true,"href":"https:\/\/www.baca.ca\/en\/wp-json\/wp\/v2\/users\/1"}],"replies":[{"embeddable":true,"href":"https:\/\/www.baca.ca\/en\/wp-json\/wp\/v2\/comments?post=87784"}],"version-history":[{"count":0,"href":"https:\/\/www.baca.ca\/en\/wp-json\/wp\/v2\/posts\/87784\/revisions"}],"wp:featuredmedia":[{"embeddable":true,"href":"https:\/\/www.baca.ca\/en\/wp-json\/wp\/v2\/media\/87648"}],"wp:attachment":[{"href":"https:\/\/www.baca.ca\/en\/wp-json\/wp\/v2\/media?parent=87784"}],"wp:term":[{"taxonomy":"category","embeddable":true,"href":"https:\/\/www.baca.ca\/en\/wp-json\/wp\/v2\/categories?post=87784"},{"taxonomy":"post_tag","embeddable":true,"href":"https:\/\/www.baca.ca\/en\/wp-json\/wp\/v2\/tags?post=87784"}],"curies":[{"name":"wp","href":"https:\/\/api.w.org\/{rel}","templated":true}]}}