{"id":85356,"date":"2022-03-08T01:16:34","date_gmt":"2022-03-08T01:16:34","guid":{"rendered":"https:\/\/www.baca.ca\/land-back-galerie-dart-stewart-hall\/"},"modified":"2022-05-08T16:27:43","modified_gmt":"2022-05-08T16:27:43","slug":"opening-reception-land-back-galerie-dart-stewart-hall","status":"publish","type":"post","link":"https:\/\/www.baca.ca\/en\/opening-reception-land-back-galerie-dart-stewart-hall\/","title":{"rendered":"Land Back: Galerie d&#8217;art Stewart Hall"},"content":{"rendered":"<div class=\"wpb-content-wrapper\"><p>[vc_row][vc_column width=&#8221;1\/2&#8243;][vc_column_text uncode_shortcode_id=&#8221;662736&#8243;]May 7 &#8211; June 19, 2022<br \/>\nOpening Reception: Sunday, May 8 from 2 p.m. \u2013 5 p.m.<br \/>\n<em>Land Back<\/em>: Carrie Allison, Christi Belcourt, Jeffrey Gibson, Erin Gingrich, Faye Heavyshield, Sky Hopinka, Julia Rose Sutherland, Charlene Vickers, Olivia Whetung<br \/>\nCurator : Michael Patten<br \/>\nContemporary Native Art Biennial (BACA) \u2013 6th edition<\/p>\n<p>Galerie d&#8217;art Stewart Hall<br \/>\nCentre culturel de Pointe-Claire<br \/>\n176 Lakeshore Dr<br \/>\nPointe-Claire, QC, H9S 4L7<\/p>\n<p>Free shuttle to Pointe-Claire on May 8.<br \/>\nDeparture from Montreal at 1:00 pm from gallery Art M\u00fbr<br \/>\nRSVP BACA<\/p>\n<p>Since time immemorial, indigenous peoples have protected biodiversity in the face of continued human population growth. Since contact with settlers, indigenous communities have been stripped of their ancestral lands; the Land Back movement aims to restore governance and stewardship of the land for a sustainable future.<\/p>\n<p>If Land Back is a call to action, a return of equity to a stolen territory, it is also an opening to some questioning. How can we best protect our biodiversity, our land and our water? The first step would be to return the land to its traditional and legitimate protectors. Returning to indigenous knowledge goes beyond symbolic gestures of recognition or inclusion to significantly change practices and structures.<\/p>\n<p>The Land Back movement is not only about land ownership, it is also about reclaiming a culture and an education that has long been repressed, suppressed and silenced. Many Indigenous skills and knowledge, usually passed down from generation to generation, have unfortunately been lost or forgotten over time. An important part of Indigenous cultures is the connection to nature and the cohabitation with the elements. This applies as much to the symbolism of the natural elements as it does to the ways in which their resources can be used, for agriculture and medicine for example.<\/p>\n<p>Some of the artists presented reappropriate ancestral techniques as an act of perpetuation, homage or resistance. Carrie Alllison uses beadwork to represent medicinal flowers indigenous to northwestern Alberta. Erin Gingrich uses sculpture to represent key elements of her community&#8217;s subsistence practices such as fishing and cranberry picking. While Christi Belcourt is inspired by floral motifs and M\u00e9tis beadwork renderings in her work, replacing the roundness of the beads with paint dots made with a needle head.<\/p>\n<p>As a cornerstone of this exhibition, Jeffrey Gibson presents his video I Was Here (2018), a return to the land as imagined as literal \u2013 a deep rootedness in the land and the nurturing earth. Marking the ground with an anonymous scar, it is through performative gesture that Julia Rose Sutherland has invested the exterior of this gallery; a hole in the landscape as a place of opening.<\/p>\n<p>This fraction of the Biennial is placed as an ode to the privileged link that unites indigenous peoples to this land and to its protection.<\/p>\n<p>We would like to acknowledge that BACA is located on unceded Indigenous lands. The Kanien\u2019keh\u00e1:ka Nation is recognized as the custodians of the lands and waters on which we gather today. Tiohti\u00e1:ke commonly known as Montreal is historically known as a gathering place for many First Nations. Today, it is home to a diverse population of Indigenous and other peoples. We respect the continued connections with the past, present, and future in our ongoing relationships with Indigenous and other peoples within the Montreal community.<\/p>\n<p>The Biennale d\u2019art contemporain autochtone (BACA) thanks the Canada Council for the Arts, the Government of Quebec (Conseil des arts et des lettres du Qu\u00e9bec, Fonds d&#8217;investissement pour le rayonnement de la M\u00e9tropole), Tourisme Montr\u00e9al, the Conseil des arts de Montr\u00e9al, Stewart Hall Art Gallery and its other presenting partners.<\/p>\n<p><a href=\"https:\/\/www.facebook.com\/events\/357968855940457\">Facebook<\/a>[\/vc_column_text][\/vc_column][vc_column width=&#8221;1\/2&#8243;][vc_single_image media=&#8221;85353&#8243; media_width_percent=&#8221;100&#8243; uncode_shortcode_id=&#8221;196157&#8243;][\/vc_column][\/vc_row]<\/p>\n<\/div>","protected":false},"excerpt":{"rendered":"<p>[vc_row][vc_column width=&#8221;1\/2&#8243;][vc_column_text uncode_shortcode_id=&#8221;662736&#8243;]May 7 &#8211; June 19, 2022 Opening Reception: Sunday, May 8 from 2 p.m. \u2013 5 p.m. Land [&hellip;]<\/p>\n","protected":false},"author":1,"featured_media":85354,"comment_status":"closed","ping_status":"open","sticky":false,"template":"","format":"standard","meta":{"footnotes":""},"categories":[1,438],"tags":[],"class_list":["post-85356","post","type-post","status-publish","format-standard","has-post-thumbnail","hentry","category-uncategorized","category-vernissage-en"],"yoast_head":"<!-- This site is optimized with the Yoast SEO plugin v27.5 - https:\/\/yoast.com\/product\/yoast-seo-wordpress\/ -->\n<title>Land Back: Galerie d&#039;art Stewart Hall | La Biennale d\u2019art contemporain autochtone<\/title>\n<meta name=\"robots\" content=\"index, follow, max-snippet:-1, max-image-preview:large, max-video-preview:-1\" \/>\n<link rel=\"canonical\" href=\"https:\/\/www.baca.ca\/en\/opening-reception-land-back-galerie-dart-stewart-hall\/\" \/>\n<meta property=\"og:locale\" content=\"en_US\" \/>\n<meta property=\"og:type\" content=\"article\" \/>\n<meta property=\"og:title\" content=\"Land Back: Galerie d&#039;art Stewart Hall | La Biennale d\u2019art contemporain autochtone\" \/>\n<meta property=\"og:description\" content=\"[vc_row][vc_column width=&#8221;1\/2&#8243;][vc_column_text uncode_shortcode_id=&#8221;662736&#8243;]May 7 &#8211; June 19, 2022 Opening Reception: Sunday, May 8 from 2 p.m. \u2013 5 p.m. Land [&hellip;]\" \/>\n<meta property=\"og:url\" content=\"https:\/\/www.baca.ca\/en\/opening-reception-land-back-galerie-dart-stewart-hall\/\" \/>\n<meta property=\"og:site_name\" content=\"La Biennale d\u2019art contemporain autochtone\" \/>\n<meta property=\"article:publisher\" content=\"https:\/\/www.facebook.com\/bacabiennale\/\" \/>\n<meta property=\"article:published_time\" content=\"2022-03-08T01:16:34+00:00\" \/>\n<meta property=\"article:modified_time\" content=\"2022-05-08T16:27:43+00:00\" \/>\n<meta property=\"og:image\" content=\"https:\/\/www.baca.ca\/wp-content\/uploads\/2022\/03\/Julia-Rose-Sutherland-006-Vigil-The-Land-Remembers-JPG.jpg\" \/>\n\t<meta property=\"og:image:width\" content=\"1536\" \/>\n\t<meta property=\"og:image:height\" content=\"1024\" \/>\n\t<meta property=\"og:image:type\" content=\"image\/jpeg\" \/>\n<meta name=\"author\" content=\"Mike Patten\" \/>\n<meta name=\"twitter:card\" content=\"summary_large_image\" \/>\n<meta name=\"twitter:label1\" content=\"Written by\" \/>\n\t<meta name=\"twitter:data1\" content=\"Mike Patten\" \/>\n\t<meta name=\"twitter:label2\" content=\"Est. reading time\" \/>\n\t<meta name=\"twitter:data2\" content=\"3 minutes\" \/>\n<script type=\"application\/ld+json\" class=\"yoast-schema-graph\">{\"@context\":\"https:\\\/\\\/schema.org\",\"@graph\":[{\"@type\":\"Article\",\"@id\":\"https:\\\/\\\/www.baca.ca\\\/en\\\/opening-reception-land-back-galerie-dart-stewart-hall\\\/#article\",\"isPartOf\":{\"@id\":\"https:\\\/\\\/www.baca.ca\\\/en\\\/opening-reception-land-back-galerie-dart-stewart-hall\\\/\"},\"author\":{\"name\":\"Mike Patten\",\"@id\":\"https:\\\/\\\/www.baca.ca\\\/en\\\/#\\\/schema\\\/person\\\/115b6be02025ee3ab333f9a67d5c07ae\"},\"headline\":\"Land Back: Galerie d&#8217;art Stewart Hall\",\"datePublished\":\"2022-03-08T01:16:34+00:00\",\"dateModified\":\"2022-05-08T16:27:43+00:00\",\"mainEntityOfPage\":{\"@id\":\"https:\\\/\\\/www.baca.ca\\\/en\\\/opening-reception-land-back-galerie-dart-stewart-hall\\\/\"},\"wordCount\":640,\"publisher\":{\"@id\":\"https:\\\/\\\/www.baca.ca\\\/en\\\/#organization\"},\"image\":{\"@id\":\"https:\\\/\\\/www.baca.ca\\\/en\\\/opening-reception-land-back-galerie-dart-stewart-hall\\\/#primaryimage\"},\"thumbnailUrl\":\"https:\\\/\\\/www.baca.ca\\\/wp-content\\\/uploads\\\/2022\\\/03\\\/Julia-Rose-Sutherland-006-Vigil-The-Land-Remembers-JPG.jpg\",\"articleSection\":{\"1\":\"Vernissage\"},\"inLanguage\":\"en-US\"},{\"@type\":\"WebPage\",\"@id\":\"https:\\\/\\\/www.baca.ca\\\/en\\\/opening-reception-land-back-galerie-dart-stewart-hall\\\/\",\"url\":\"https:\\\/\\\/www.baca.ca\\\/en\\\/opening-reception-land-back-galerie-dart-stewart-hall\\\/\",\"name\":\"Land Back: Galerie d'art Stewart Hall | La Biennale d\u2019art contemporain autochtone\",\"isPartOf\":{\"@id\":\"https:\\\/\\\/www.baca.ca\\\/en\\\/#website\"},\"primaryImageOfPage\":{\"@id\":\"https:\\\/\\\/www.baca.ca\\\/en\\\/opening-reception-land-back-galerie-dart-stewart-hall\\\/#primaryimage\"},\"image\":{\"@id\":\"https:\\\/\\\/www.baca.ca\\\/en\\\/opening-reception-land-back-galerie-dart-stewart-hall\\\/#primaryimage\"},\"thumbnailUrl\":\"https:\\\/\\\/www.baca.ca\\\/wp-content\\\/uploads\\\/2022\\\/03\\\/Julia-Rose-Sutherland-006-Vigil-The-Land-Remembers-JPG.jpg\",\"datePublished\":\"2022-03-08T01:16:34+00:00\",\"dateModified\":\"2022-05-08T16:27:43+00:00\",\"breadcrumb\":{\"@id\":\"https:\\\/\\\/www.baca.ca\\\/en\\\/opening-reception-land-back-galerie-dart-stewart-hall\\\/#breadcrumb\"},\"inLanguage\":\"en-US\",\"potentialAction\":[{\"@type\":\"ReadAction\",\"target\":[\"https:\\\/\\\/www.baca.ca\\\/en\\\/opening-reception-land-back-galerie-dart-stewart-hall\\\/\"]}]},{\"@type\":\"ImageObject\",\"inLanguage\":\"en-US\",\"@id\":\"https:\\\/\\\/www.baca.ca\\\/en\\\/opening-reception-land-back-galerie-dart-stewart-hall\\\/#primaryimage\",\"url\":\"https:\\\/\\\/www.baca.ca\\\/wp-content\\\/uploads\\\/2022\\\/03\\\/Julia-Rose-Sutherland-006-Vigil-The-Land-Remembers-JPG.jpg\",\"contentUrl\":\"https:\\\/\\\/www.baca.ca\\\/wp-content\\\/uploads\\\/2022\\\/03\\\/Julia-Rose-Sutherland-006-Vigil-The-Land-Remembers-JPG.jpg\",\"width\":1536,\"height\":1024},{\"@type\":\"BreadcrumbList\",\"@id\":\"https:\\\/\\\/www.baca.ca\\\/en\\\/opening-reception-land-back-galerie-dart-stewart-hall\\\/#breadcrumb\",\"itemListElement\":[{\"@type\":\"ListItem\",\"position\":1,\"name\":\"Home\",\"item\":\"https:\\\/\\\/www.baca.ca\\\/en\\\/\"},{\"@type\":\"ListItem\",\"position\":2,\"name\":\"Land Back: Galerie d&#8217;art Stewart Hall\"}]},{\"@type\":\"WebSite\",\"@id\":\"https:\\\/\\\/www.baca.ca\\\/en\\\/#website\",\"url\":\"https:\\\/\\\/www.baca.ca\\\/en\\\/\",\"name\":\"La Biennale d\u2019art contemporain autochtone\",\"description\":\"Contemporary Native Art Biennial (BACA)\",\"publisher\":{\"@id\":\"https:\\\/\\\/www.baca.ca\\\/en\\\/#organization\"},\"potentialAction\":[{\"@type\":\"SearchAction\",\"target\":{\"@type\":\"EntryPoint\",\"urlTemplate\":\"https:\\\/\\\/www.baca.ca\\\/en\\\/?s={search_term_string}\"},\"query-input\":{\"@type\":\"PropertyValueSpecification\",\"valueRequired\":true,\"valueName\":\"search_term_string\"}}],\"inLanguage\":\"en-US\"},{\"@type\":\"Organization\",\"@id\":\"https:\\\/\\\/www.baca.ca\\\/en\\\/#organization\",\"name\":\"BACA\",\"url\":\"https:\\\/\\\/www.baca.ca\\\/en\\\/\",\"logo\":{\"@type\":\"ImageObject\",\"inLanguage\":\"en-US\",\"@id\":\"https:\\\/\\\/www.baca.ca\\\/en\\\/#\\\/schema\\\/logo\\\/image\\\/\",\"url\":\"https:\\\/\\\/www.baca.ca\\\/wp-content\\\/uploads\\\/2018\\\/03\\\/BACA.png\",\"contentUrl\":\"https:\\\/\\\/www.baca.ca\\\/wp-content\\\/uploads\\\/2018\\\/03\\\/BACA.png\",\"width\":220,\"height\":50,\"caption\":\"BACA\"},\"image\":{\"@id\":\"https:\\\/\\\/www.baca.ca\\\/en\\\/#\\\/schema\\\/logo\\\/image\\\/\"},\"sameAs\":[\"https:\\\/\\\/www.facebook.com\\\/bacabiennale\\\/\",\"https:\\\/\\\/www.instagram.com\\\/bacabiennale\",\"https:\\\/\\\/bsky.app\\\/profile\\\/bacabiennale.bsky.social\"]},{\"@type\":\"Person\",\"@id\":\"https:\\\/\\\/www.baca.ca\\\/en\\\/#\\\/schema\\\/person\\\/115b6be02025ee3ab333f9a67d5c07ae\",\"name\":\"Mike Patten\",\"image\":{\"@type\":\"ImageObject\",\"inLanguage\":\"en-US\",\"@id\":\"https:\\\/\\\/secure.gravatar.com\\\/avatar\\\/f7c8131429ee4b963988d8afd2c0365781ec59cc3d65fee9c4cf8b07ab2be240?s=96&d=mm&r=g\",\"url\":\"https:\\\/\\\/secure.gravatar.com\\\/avatar\\\/f7c8131429ee4b963988d8afd2c0365781ec59cc3d65fee9c4cf8b07ab2be240?s=96&d=mm&r=g\",\"contentUrl\":\"https:\\\/\\\/secure.gravatar.com\\\/avatar\\\/f7c8131429ee4b963988d8afd2c0365781ec59cc3d65fee9c4cf8b07ab2be240?s=96&d=mm&r=g\",\"caption\":\"Mike Patten\"}}]}<\/script>\n<!-- \/ Yoast SEO plugin. -->","yoast_head_json":{"title":"Land Back: Galerie d'art Stewart Hall | La Biennale d\u2019art contemporain autochtone","robots":{"index":"index","follow":"follow","max-snippet":"max-snippet:-1","max-image-preview":"max-image-preview:large","max-video-preview":"max-video-preview:-1"},"canonical":"https:\/\/www.baca.ca\/en\/opening-reception-land-back-galerie-dart-stewart-hall\/","og_locale":"en_US","og_type":"article","og_title":"Land Back: Galerie d'art Stewart Hall | La Biennale d\u2019art contemporain autochtone","og_description":"[vc_row][vc_column width=&#8221;1\/2&#8243;][vc_column_text uncode_shortcode_id=&#8221;662736&#8243;]May 7 &#8211; June 19, 2022 Opening Reception: Sunday, May 8 from 2 p.m. \u2013 5 p.m. Land [&hellip;]","og_url":"https:\/\/www.baca.ca\/en\/opening-reception-land-back-galerie-dart-stewart-hall\/","og_site_name":"La Biennale d\u2019art contemporain autochtone","article_publisher":"https:\/\/www.facebook.com\/bacabiennale\/","article_published_time":"2022-03-08T01:16:34+00:00","article_modified_time":"2022-05-08T16:27:43+00:00","og_image":[{"width":1536,"height":1024,"url":"https:\/\/www.baca.ca\/wp-content\/uploads\/2022\/03\/Julia-Rose-Sutherland-006-Vigil-The-Land-Remembers-JPG.jpg","type":"image\/jpeg"}],"author":"Mike Patten","twitter_card":"summary_large_image","twitter_misc":{"Written by":"Mike Patten","Est. reading time":"3 minutes"},"schema":{"@context":"https:\/\/schema.org","@graph":[{"@type":"Article","@id":"https:\/\/www.baca.ca\/en\/opening-reception-land-back-galerie-dart-stewart-hall\/#article","isPartOf":{"@id":"https:\/\/www.baca.ca\/en\/opening-reception-land-back-galerie-dart-stewart-hall\/"},"author":{"name":"Mike Patten","@id":"https:\/\/www.baca.ca\/en\/#\/schema\/person\/115b6be02025ee3ab333f9a67d5c07ae"},"headline":"Land Back: Galerie d&#8217;art Stewart Hall","datePublished":"2022-03-08T01:16:34+00:00","dateModified":"2022-05-08T16:27:43+00:00","mainEntityOfPage":{"@id":"https:\/\/www.baca.ca\/en\/opening-reception-land-back-galerie-dart-stewart-hall\/"},"wordCount":640,"publisher":{"@id":"https:\/\/www.baca.ca\/en\/#organization"},"image":{"@id":"https:\/\/www.baca.ca\/en\/opening-reception-land-back-galerie-dart-stewart-hall\/#primaryimage"},"thumbnailUrl":"https:\/\/www.baca.ca\/wp-content\/uploads\/2022\/03\/Julia-Rose-Sutherland-006-Vigil-The-Land-Remembers-JPG.jpg","articleSection":{"1":"Vernissage"},"inLanguage":"en-US"},{"@type":"WebPage","@id":"https:\/\/www.baca.ca\/en\/opening-reception-land-back-galerie-dart-stewart-hall\/","url":"https:\/\/www.baca.ca\/en\/opening-reception-land-back-galerie-dart-stewart-hall\/","name":"Land Back: Galerie d'art Stewart Hall | La Biennale d\u2019art contemporain autochtone","isPartOf":{"@id":"https:\/\/www.baca.ca\/en\/#website"},"primaryImageOfPage":{"@id":"https:\/\/www.baca.ca\/en\/opening-reception-land-back-galerie-dart-stewart-hall\/#primaryimage"},"image":{"@id":"https:\/\/www.baca.ca\/en\/opening-reception-land-back-galerie-dart-stewart-hall\/#primaryimage"},"thumbnailUrl":"https:\/\/www.baca.ca\/wp-content\/uploads\/2022\/03\/Julia-Rose-Sutherland-006-Vigil-The-Land-Remembers-JPG.jpg","datePublished":"2022-03-08T01:16:34+00:00","dateModified":"2022-05-08T16:27:43+00:00","breadcrumb":{"@id":"https:\/\/www.baca.ca\/en\/opening-reception-land-back-galerie-dart-stewart-hall\/#breadcrumb"},"inLanguage":"en-US","potentialAction":[{"@type":"ReadAction","target":["https:\/\/www.baca.ca\/en\/opening-reception-land-back-galerie-dart-stewart-hall\/"]}]},{"@type":"ImageObject","inLanguage":"en-US","@id":"https:\/\/www.baca.ca\/en\/opening-reception-land-back-galerie-dart-stewart-hall\/#primaryimage","url":"https:\/\/www.baca.ca\/wp-content\/uploads\/2022\/03\/Julia-Rose-Sutherland-006-Vigil-The-Land-Remembers-JPG.jpg","contentUrl":"https:\/\/www.baca.ca\/wp-content\/uploads\/2022\/03\/Julia-Rose-Sutherland-006-Vigil-The-Land-Remembers-JPG.jpg","width":1536,"height":1024},{"@type":"BreadcrumbList","@id":"https:\/\/www.baca.ca\/en\/opening-reception-land-back-galerie-dart-stewart-hall\/#breadcrumb","itemListElement":[{"@type":"ListItem","position":1,"name":"Home","item":"https:\/\/www.baca.ca\/en\/"},{"@type":"ListItem","position":2,"name":"Land Back: Galerie d&#8217;art Stewart Hall"}]},{"@type":"WebSite","@id":"https:\/\/www.baca.ca\/en\/#website","url":"https:\/\/www.baca.ca\/en\/","name":"La Biennale d\u2019art contemporain autochtone","description":"Contemporary Native Art Biennial (BACA)","publisher":{"@id":"https:\/\/www.baca.ca\/en\/#organization"},"potentialAction":[{"@type":"SearchAction","target":{"@type":"EntryPoint","urlTemplate":"https:\/\/www.baca.ca\/en\/?s={search_term_string}"},"query-input":{"@type":"PropertyValueSpecification","valueRequired":true,"valueName":"search_term_string"}}],"inLanguage":"en-US"},{"@type":"Organization","@id":"https:\/\/www.baca.ca\/en\/#organization","name":"BACA","url":"https:\/\/www.baca.ca\/en\/","logo":{"@type":"ImageObject","inLanguage":"en-US","@id":"https:\/\/www.baca.ca\/en\/#\/schema\/logo\/image\/","url":"https:\/\/www.baca.ca\/wp-content\/uploads\/2018\/03\/BACA.png","contentUrl":"https:\/\/www.baca.ca\/wp-content\/uploads\/2018\/03\/BACA.png","width":220,"height":50,"caption":"BACA"},"image":{"@id":"https:\/\/www.baca.ca\/en\/#\/schema\/logo\/image\/"},"sameAs":["https:\/\/www.facebook.com\/bacabiennale\/","https:\/\/www.instagram.com\/bacabiennale","https:\/\/bsky.app\/profile\/bacabiennale.bsky.social"]},{"@type":"Person","@id":"https:\/\/www.baca.ca\/en\/#\/schema\/person\/115b6be02025ee3ab333f9a67d5c07ae","name":"Mike Patten","image":{"@type":"ImageObject","inLanguage":"en-US","@id":"https:\/\/secure.gravatar.com\/avatar\/f7c8131429ee4b963988d8afd2c0365781ec59cc3d65fee9c4cf8b07ab2be240?s=96&d=mm&r=g","url":"https:\/\/secure.gravatar.com\/avatar\/f7c8131429ee4b963988d8afd2c0365781ec59cc3d65fee9c4cf8b07ab2be240?s=96&d=mm&r=g","contentUrl":"https:\/\/secure.gravatar.com\/avatar\/f7c8131429ee4b963988d8afd2c0365781ec59cc3d65fee9c4cf8b07ab2be240?s=96&d=mm&r=g","caption":"Mike Patten"}}]}},"_links":{"self":[{"href":"https:\/\/www.baca.ca\/en\/wp-json\/wp\/v2\/posts\/85356","targetHints":{"allow":["GET"]}}],"collection":[{"href":"https:\/\/www.baca.ca\/en\/wp-json\/wp\/v2\/posts"}],"about":[{"href":"https:\/\/www.baca.ca\/en\/wp-json\/wp\/v2\/types\/post"}],"author":[{"embeddable":true,"href":"https:\/\/www.baca.ca\/en\/wp-json\/wp\/v2\/users\/1"}],"replies":[{"embeddable":true,"href":"https:\/\/www.baca.ca\/en\/wp-json\/wp\/v2\/comments?post=85356"}],"version-history":[{"count":0,"href":"https:\/\/www.baca.ca\/en\/wp-json\/wp\/v2\/posts\/85356\/revisions"}],"wp:featuredmedia":[{"embeddable":true,"href":"https:\/\/www.baca.ca\/en\/wp-json\/wp\/v2\/media\/85354"}],"wp:attachment":[{"href":"https:\/\/www.baca.ca\/en\/wp-json\/wp\/v2\/media?parent=85356"}],"wp:term":[{"taxonomy":"category","embeddable":true,"href":"https:\/\/www.baca.ca\/en\/wp-json\/wp\/v2\/categories?post=85356"},{"taxonomy":"post_tag","embeddable":true,"href":"https:\/\/www.baca.ca\/en\/wp-json\/wp\/v2\/tags?post=85356"}],"curies":[{"name":"wp","href":"https:\/\/api.w.org\/{rel}","templated":true}]}}