{"id":84800,"date":"2020-08-19T19:28:30","date_gmt":"2020-08-19T19:28:30","guid":{"rendered":"https:\/\/www.baca.ca\/commissariats-autochtones-du-futur\/"},"modified":"2025-06-14T15:56:35","modified_gmt":"2025-06-14T19:56:35","slug":"indigenous-curatorial-futures","status":"publish","type":"post","link":"https:\/\/www.baca.ca\/en\/indigenous-curatorial-futures\/","title":{"rendered":"Indigenous Curatorial Futures"},"content":{"rendered":"<div class=\"wpb-content-wrapper\"><p>[vc_row][vc_column width=&#8221;1\/2&#8243;][vc_column_text]Contemporary Native Art Biennial (BACA), 5th edition<br \/>\nKahwatsiret\u00e1tie : Teionkwariwaienna Tekariwaiennawahk\u00f2ntie<br \/>\nHonoring kinship<\/p>\n<p>Curated by David Garneau (M\u00e9tis), with the assistance of rudi aker (Wolastoqiyik) and Faye Mullen.<\/p>\n<p>On Wednesday, August 19, 2020, 3:00-4:00 pm EST, curator David Garneau, Ie&#8217;nik\u00f3nirare Faye Mullen and curatorial assistant rudi aker will discuss BACA 2020 and the futures of Indigenous curatorial care.<\/p>\n<p>David Garneau (M\u00e9tis) is a Visual Arts Professor at the University of Regina. His practice includes painting, curation, and critical writing. He recently co-curated, with Kathleen Ash Milby, Transformer: Native Art in Light and Sound, National Museum of the American Indian, New York; Moving Forward, Never Forgetting, with Michelle LaVallee, an exhibition concerning the legacies of Indian Residential Schools, other forms of aggressive assimilation, and (re)conciliation, at the Mackenzie Art Gallery in Regina; and With Secrecy and Despatch, with Tess Allas, an international exhibition about massacres of Indigenous people, and memorialization, for the Campbelltown Art Centre, Sydney, Australia. Garneau has recently given keynote talks in Australia, New Zealand, the United States, and throughout Canada. He is part of a five-year, SSHRC funded, curatorial research project, Creative Conciliation; Sensory Entanglements, an Australia\/Canada, SSHRC-funded creative research project; and is working on the Tawatina Bridge project, a large public art work for the City of Edmonton. His paintings are in numerous public and private collections.<\/p>\n<p>Currently Faye Mullen situates her practice in and alongside community as Ie\u2019nik\u00f3nirare for BACA 2020. Her role was specified by respected elder Otsitsaken:ra\u200e and faith keeper Niioieren of the Kanien\u2019keha:ka community of Kahnawa:ke. They provide insight into her role within this project as one entrusted to continuously mind the thinking and carry the teachings of our relative, Wolf. Raised near the thundering waters of Onguiaahra, Faye Mullen is an auntie, earth worker, writer, art maker, community support worker and visitor on Tiohti\u00e0:ke \/ Mooniyaang \/ Montr\u00e9al. Of a sculptural sensitivity, Faye works through the performative gesture in a variety of media including publications, site-specific interventions, sound installations, image-making both moving and still. Through a 2Spirit mixed (Irish\/Italian) perspective, her practice reaches toward horizontality worlding queer imaginings and decolonial ways of being. Faye holds a BFA from OCAD (Toronto) + ENSBA (Paris), is a recipient of master&#8217;s degrees from both U of T (Toronto) and Fresnoy (Tourcoing) &#8211; currently in her doctoral research at UQ\u00c0M. Her artwork has been exhibited in group + solo exhibitions in Asia, Australia, Europe and across Turtle Island.<\/p>\n<p>Assistant curator rudi aker (Wolastoqiyik) is a wolastoqew auntie, artist, organizer, and researcher from St. Mary\u2019s First Nation in Sitansisk (Fredericton, New Brunswick) and, for now, a guest on Tiohti\u00e0:ke \/ Mooniyaang \/ Montreal. Their artistic and research practices center kinship, placehood, visibility, as well as the traversal of (un)colonized space(s) through conceptions of counter-cartographies and barrier-breaking. In September 2019, Rudi curated their first large-scale event, the finissage for the Aboriginal Curatorial Collective&#8217;s Quebec-based initiative, The Tiohti\u00e0:ke Project, at the Museum of Contemporary Art, Montreal. They have presented their ongoing research-creation project, Topographies of a homeplace, as a workshop for Queering the Map: On_Site at 4th Space (Concordia University) in July 2019 and as a lecture for the TextilesTradeTime Symposium in October 2019. Rudi is finishing a BFA at Concordia University and is presently the Exhibitions and Communications Coordinator at SBC Gallery of Contemporary Art in Montreal, Quebec.[\/vc_column_text][\/vc_column][vc_column width=&#8221;1\/2&#8243;][vc_single_image media=&#8221;84796&#8243; media_width_percent=&#8221;100&#8243;][\/vc_column][\/vc_row]<\/p>\n<\/div>","protected":false},"excerpt":{"rendered":"<p>[vc_row][vc_column width=&#8221;1\/2&#8243;][vc_column_text]Contemporary Native Art Biennial (BACA), 5th edition Kahwatsiret\u00e1tie : Teionkwariwaienna Tekariwaiennawahk\u00f2ntie Honoring kinship Curated by David Garneau (M\u00e9tis), with [&hellip;]<\/p>\n","protected":false},"author":1,"featured_media":84797,"comment_status":"closed","ping_status":"open","sticky":false,"template":"","format":"standard","meta":{"footnotes":""},"categories":[1],"tags":[],"class_list":["post-84800","post","type-post","status-publish","format-standard","has-post-thumbnail","hentry","category-uncategorized"],"yoast_head":"<!-- This site is optimized with the Yoast SEO plugin v27.5 - https:\/\/yoast.com\/product\/yoast-seo-wordpress\/ -->\n<title>Indigenous Curatorial Futures | La Biennale d\u2019art contemporain autochtone<\/title>\n<meta name=\"robots\" content=\"index, follow, max-snippet:-1, max-image-preview:large, max-video-preview:-1\" \/>\n<link rel=\"canonical\" href=\"https:\/\/www.baca.ca\/en\/indigenous-curatorial-futures\/\" \/>\n<meta property=\"og:locale\" content=\"en_US\" \/>\n<meta property=\"og:type\" content=\"article\" \/>\n<meta property=\"og:title\" content=\"Indigenous Curatorial Futures | La Biennale d\u2019art contemporain autochtone\" \/>\n<meta property=\"og:description\" content=\"[vc_row][vc_column width=&#8221;1\/2&#8243;][vc_column_text]Contemporary Native Art Biennial (BACA), 5th edition Kahwatsiret\u00e1tie : Teionkwariwaienna Tekariwaiennawahk\u00f2ntie Honoring kinship Curated by David Garneau (M\u00e9tis), with [&hellip;]\" \/>\n<meta property=\"og:url\" content=\"https:\/\/www.baca.ca\/en\/indigenous-curatorial-futures\/\" \/>\n<meta property=\"og:site_name\" content=\"La Biennale d\u2019art contemporain autochtone\" \/>\n<meta property=\"article:publisher\" content=\"https:\/\/www.facebook.com\/bacabiennale\/\" \/>\n<meta property=\"article:published_time\" content=\"2020-08-19T19:28:30+00:00\" \/>\n<meta property=\"article:modified_time\" content=\"2025-06-14T19:56:35+00:00\" \/>\n<meta property=\"og:image\" content=\"https:\/\/www.baca.ca\/wp-content\/uploads\/2020\/08\/Dylan-Miner.jpg\" \/>\n\t<meta property=\"og:image:width\" content=\"595\" \/>\n\t<meta property=\"og:image:height\" content=\"597\" \/>\n\t<meta property=\"og:image:type\" content=\"image\/jpeg\" \/>\n<meta name=\"author\" content=\"Mike Patten\" \/>\n<meta name=\"twitter:card\" content=\"summary_large_image\" \/>\n<meta name=\"twitter:label1\" content=\"Written by\" \/>\n\t<meta name=\"twitter:data1\" content=\"Mike Patten\" \/>\n\t<meta name=\"twitter:label2\" content=\"Est. reading time\" \/>\n\t<meta name=\"twitter:data2\" content=\"3 minutes\" \/>\n<script type=\"application\/ld+json\" class=\"yoast-schema-graph\">{\"@context\":\"https:\\\/\\\/schema.org\",\"@graph\":[{\"@type\":\"Article\",\"@id\":\"https:\\\/\\\/www.baca.ca\\\/en\\\/indigenous-curatorial-futures\\\/#article\",\"isPartOf\":{\"@id\":\"https:\\\/\\\/www.baca.ca\\\/en\\\/indigenous-curatorial-futures\\\/\"},\"author\":{\"name\":\"Mike Patten\",\"@id\":\"https:\\\/\\\/www.baca.ca\\\/en\\\/#\\\/schema\\\/person\\\/115b6be02025ee3ab333f9a67d5c07ae\"},\"headline\":\"Indigenous Curatorial Futures\",\"datePublished\":\"2020-08-19T19:28:30+00:00\",\"dateModified\":\"2025-06-14T19:56:35+00:00\",\"mainEntityOfPage\":{\"@id\":\"https:\\\/\\\/www.baca.ca\\\/en\\\/indigenous-curatorial-futures\\\/\"},\"wordCount\":592,\"publisher\":{\"@id\":\"https:\\\/\\\/www.baca.ca\\\/en\\\/#organization\"},\"image\":{\"@id\":\"https:\\\/\\\/www.baca.ca\\\/en\\\/indigenous-curatorial-futures\\\/#primaryimage\"},\"thumbnailUrl\":\"https:\\\/\\\/www.baca.ca\\\/wp-content\\\/uploads\\\/2020\\\/08\\\/Dylan-Miner.jpg\",\"inLanguage\":\"en-US\"},{\"@type\":\"WebPage\",\"@id\":\"https:\\\/\\\/www.baca.ca\\\/en\\\/indigenous-curatorial-futures\\\/\",\"url\":\"https:\\\/\\\/www.baca.ca\\\/en\\\/indigenous-curatorial-futures\\\/\",\"name\":\"Indigenous Curatorial Futures | La Biennale d\u2019art contemporain autochtone\",\"isPartOf\":{\"@id\":\"https:\\\/\\\/www.baca.ca\\\/en\\\/#website\"},\"primaryImageOfPage\":{\"@id\":\"https:\\\/\\\/www.baca.ca\\\/en\\\/indigenous-curatorial-futures\\\/#primaryimage\"},\"image\":{\"@id\":\"https:\\\/\\\/www.baca.ca\\\/en\\\/indigenous-curatorial-futures\\\/#primaryimage\"},\"thumbnailUrl\":\"https:\\\/\\\/www.baca.ca\\\/wp-content\\\/uploads\\\/2020\\\/08\\\/Dylan-Miner.jpg\",\"datePublished\":\"2020-08-19T19:28:30+00:00\",\"dateModified\":\"2025-06-14T19:56:35+00:00\",\"breadcrumb\":{\"@id\":\"https:\\\/\\\/www.baca.ca\\\/en\\\/indigenous-curatorial-futures\\\/#breadcrumb\"},\"inLanguage\":\"en-US\",\"potentialAction\":[{\"@type\":\"ReadAction\",\"target\":[\"https:\\\/\\\/www.baca.ca\\\/en\\\/indigenous-curatorial-futures\\\/\"]}]},{\"@type\":\"ImageObject\",\"inLanguage\":\"en-US\",\"@id\":\"https:\\\/\\\/www.baca.ca\\\/en\\\/indigenous-curatorial-futures\\\/#primaryimage\",\"url\":\"https:\\\/\\\/www.baca.ca\\\/wp-content\\\/uploads\\\/2020\\\/08\\\/Dylan-Miner.jpg\",\"contentUrl\":\"https:\\\/\\\/www.baca.ca\\\/wp-content\\\/uploads\\\/2020\\\/08\\\/Dylan-Miner.jpg\",\"width\":595,\"height\":597},{\"@type\":\"BreadcrumbList\",\"@id\":\"https:\\\/\\\/www.baca.ca\\\/en\\\/indigenous-curatorial-futures\\\/#breadcrumb\",\"itemListElement\":[{\"@type\":\"ListItem\",\"position\":1,\"name\":\"Home\",\"item\":\"https:\\\/\\\/www.baca.ca\\\/en\\\/\"},{\"@type\":\"ListItem\",\"position\":2,\"name\":\"Indigenous Curatorial Futures\"}]},{\"@type\":\"WebSite\",\"@id\":\"https:\\\/\\\/www.baca.ca\\\/en\\\/#website\",\"url\":\"https:\\\/\\\/www.baca.ca\\\/en\\\/\",\"name\":\"La Biennale d\u2019art contemporain autochtone\",\"description\":\"Contemporary Native Art Biennial (BACA)\",\"publisher\":{\"@id\":\"https:\\\/\\\/www.baca.ca\\\/en\\\/#organization\"},\"potentialAction\":[{\"@type\":\"SearchAction\",\"target\":{\"@type\":\"EntryPoint\",\"urlTemplate\":\"https:\\\/\\\/www.baca.ca\\\/en\\\/?s={search_term_string}\"},\"query-input\":{\"@type\":\"PropertyValueSpecification\",\"valueRequired\":true,\"valueName\":\"search_term_string\"}}],\"inLanguage\":\"en-US\"},{\"@type\":\"Organization\",\"@id\":\"https:\\\/\\\/www.baca.ca\\\/en\\\/#organization\",\"name\":\"BACA\",\"url\":\"https:\\\/\\\/www.baca.ca\\\/en\\\/\",\"logo\":{\"@type\":\"ImageObject\",\"inLanguage\":\"en-US\",\"@id\":\"https:\\\/\\\/www.baca.ca\\\/en\\\/#\\\/schema\\\/logo\\\/image\\\/\",\"url\":\"https:\\\/\\\/www.baca.ca\\\/wp-content\\\/uploads\\\/2018\\\/03\\\/BACA.png\",\"contentUrl\":\"https:\\\/\\\/www.baca.ca\\\/wp-content\\\/uploads\\\/2018\\\/03\\\/BACA.png\",\"width\":220,\"height\":50,\"caption\":\"BACA\"},\"image\":{\"@id\":\"https:\\\/\\\/www.baca.ca\\\/en\\\/#\\\/schema\\\/logo\\\/image\\\/\"},\"sameAs\":[\"https:\\\/\\\/www.facebook.com\\\/bacabiennale\\\/\",\"https:\\\/\\\/www.instagram.com\\\/bacabiennale\",\"https:\\\/\\\/bsky.app\\\/profile\\\/bacabiennale.bsky.social\"]},{\"@type\":\"Person\",\"@id\":\"https:\\\/\\\/www.baca.ca\\\/en\\\/#\\\/schema\\\/person\\\/115b6be02025ee3ab333f9a67d5c07ae\",\"name\":\"Mike Patten\",\"image\":{\"@type\":\"ImageObject\",\"inLanguage\":\"en-US\",\"@id\":\"https:\\\/\\\/secure.gravatar.com\\\/avatar\\\/f7c8131429ee4b963988d8afd2c0365781ec59cc3d65fee9c4cf8b07ab2be240?s=96&d=mm&r=g\",\"url\":\"https:\\\/\\\/secure.gravatar.com\\\/avatar\\\/f7c8131429ee4b963988d8afd2c0365781ec59cc3d65fee9c4cf8b07ab2be240?s=96&d=mm&r=g\",\"contentUrl\":\"https:\\\/\\\/secure.gravatar.com\\\/avatar\\\/f7c8131429ee4b963988d8afd2c0365781ec59cc3d65fee9c4cf8b07ab2be240?s=96&d=mm&r=g\",\"caption\":\"Mike Patten\"}}]}<\/script>\n<!-- \/ Yoast SEO plugin. -->","yoast_head_json":{"title":"Indigenous Curatorial Futures | La Biennale d\u2019art contemporain autochtone","robots":{"index":"index","follow":"follow","max-snippet":"max-snippet:-1","max-image-preview":"max-image-preview:large","max-video-preview":"max-video-preview:-1"},"canonical":"https:\/\/www.baca.ca\/en\/indigenous-curatorial-futures\/","og_locale":"en_US","og_type":"article","og_title":"Indigenous Curatorial Futures | La Biennale d\u2019art contemporain autochtone","og_description":"[vc_row][vc_column width=&#8221;1\/2&#8243;][vc_column_text]Contemporary Native Art Biennial (BACA), 5th edition Kahwatsiret\u00e1tie : Teionkwariwaienna Tekariwaiennawahk\u00f2ntie Honoring kinship Curated by David Garneau (M\u00e9tis), with [&hellip;]","og_url":"https:\/\/www.baca.ca\/en\/indigenous-curatorial-futures\/","og_site_name":"La Biennale d\u2019art contemporain autochtone","article_publisher":"https:\/\/www.facebook.com\/bacabiennale\/","article_published_time":"2020-08-19T19:28:30+00:00","article_modified_time":"2025-06-14T19:56:35+00:00","og_image":[{"width":595,"height":597,"url":"https:\/\/www.baca.ca\/wp-content\/uploads\/2020\/08\/Dylan-Miner.jpg","type":"image\/jpeg"}],"author":"Mike Patten","twitter_card":"summary_large_image","twitter_misc":{"Written by":"Mike Patten","Est. reading time":"3 minutes"},"schema":{"@context":"https:\/\/schema.org","@graph":[{"@type":"Article","@id":"https:\/\/www.baca.ca\/en\/indigenous-curatorial-futures\/#article","isPartOf":{"@id":"https:\/\/www.baca.ca\/en\/indigenous-curatorial-futures\/"},"author":{"name":"Mike Patten","@id":"https:\/\/www.baca.ca\/en\/#\/schema\/person\/115b6be02025ee3ab333f9a67d5c07ae"},"headline":"Indigenous Curatorial Futures","datePublished":"2020-08-19T19:28:30+00:00","dateModified":"2025-06-14T19:56:35+00:00","mainEntityOfPage":{"@id":"https:\/\/www.baca.ca\/en\/indigenous-curatorial-futures\/"},"wordCount":592,"publisher":{"@id":"https:\/\/www.baca.ca\/en\/#organization"},"image":{"@id":"https:\/\/www.baca.ca\/en\/indigenous-curatorial-futures\/#primaryimage"},"thumbnailUrl":"https:\/\/www.baca.ca\/wp-content\/uploads\/2020\/08\/Dylan-Miner.jpg","inLanguage":"en-US"},{"@type":"WebPage","@id":"https:\/\/www.baca.ca\/en\/indigenous-curatorial-futures\/","url":"https:\/\/www.baca.ca\/en\/indigenous-curatorial-futures\/","name":"Indigenous Curatorial Futures | La Biennale d\u2019art contemporain autochtone","isPartOf":{"@id":"https:\/\/www.baca.ca\/en\/#website"},"primaryImageOfPage":{"@id":"https:\/\/www.baca.ca\/en\/indigenous-curatorial-futures\/#primaryimage"},"image":{"@id":"https:\/\/www.baca.ca\/en\/indigenous-curatorial-futures\/#primaryimage"},"thumbnailUrl":"https:\/\/www.baca.ca\/wp-content\/uploads\/2020\/08\/Dylan-Miner.jpg","datePublished":"2020-08-19T19:28:30+00:00","dateModified":"2025-06-14T19:56:35+00:00","breadcrumb":{"@id":"https:\/\/www.baca.ca\/en\/indigenous-curatorial-futures\/#breadcrumb"},"inLanguage":"en-US","potentialAction":[{"@type":"ReadAction","target":["https:\/\/www.baca.ca\/en\/indigenous-curatorial-futures\/"]}]},{"@type":"ImageObject","inLanguage":"en-US","@id":"https:\/\/www.baca.ca\/en\/indigenous-curatorial-futures\/#primaryimage","url":"https:\/\/www.baca.ca\/wp-content\/uploads\/2020\/08\/Dylan-Miner.jpg","contentUrl":"https:\/\/www.baca.ca\/wp-content\/uploads\/2020\/08\/Dylan-Miner.jpg","width":595,"height":597},{"@type":"BreadcrumbList","@id":"https:\/\/www.baca.ca\/en\/indigenous-curatorial-futures\/#breadcrumb","itemListElement":[{"@type":"ListItem","position":1,"name":"Home","item":"https:\/\/www.baca.ca\/en\/"},{"@type":"ListItem","position":2,"name":"Indigenous Curatorial Futures"}]},{"@type":"WebSite","@id":"https:\/\/www.baca.ca\/en\/#website","url":"https:\/\/www.baca.ca\/en\/","name":"La Biennale d\u2019art contemporain autochtone","description":"Contemporary Native Art Biennial (BACA)","publisher":{"@id":"https:\/\/www.baca.ca\/en\/#organization"},"potentialAction":[{"@type":"SearchAction","target":{"@type":"EntryPoint","urlTemplate":"https:\/\/www.baca.ca\/en\/?s={search_term_string}"},"query-input":{"@type":"PropertyValueSpecification","valueRequired":true,"valueName":"search_term_string"}}],"inLanguage":"en-US"},{"@type":"Organization","@id":"https:\/\/www.baca.ca\/en\/#organization","name":"BACA","url":"https:\/\/www.baca.ca\/en\/","logo":{"@type":"ImageObject","inLanguage":"en-US","@id":"https:\/\/www.baca.ca\/en\/#\/schema\/logo\/image\/","url":"https:\/\/www.baca.ca\/wp-content\/uploads\/2018\/03\/BACA.png","contentUrl":"https:\/\/www.baca.ca\/wp-content\/uploads\/2018\/03\/BACA.png","width":220,"height":50,"caption":"BACA"},"image":{"@id":"https:\/\/www.baca.ca\/en\/#\/schema\/logo\/image\/"},"sameAs":["https:\/\/www.facebook.com\/bacabiennale\/","https:\/\/www.instagram.com\/bacabiennale","https:\/\/bsky.app\/profile\/bacabiennale.bsky.social"]},{"@type":"Person","@id":"https:\/\/www.baca.ca\/en\/#\/schema\/person\/115b6be02025ee3ab333f9a67d5c07ae","name":"Mike Patten","image":{"@type":"ImageObject","inLanguage":"en-US","@id":"https:\/\/secure.gravatar.com\/avatar\/f7c8131429ee4b963988d8afd2c0365781ec59cc3d65fee9c4cf8b07ab2be240?s=96&d=mm&r=g","url":"https:\/\/secure.gravatar.com\/avatar\/f7c8131429ee4b963988d8afd2c0365781ec59cc3d65fee9c4cf8b07ab2be240?s=96&d=mm&r=g","contentUrl":"https:\/\/secure.gravatar.com\/avatar\/f7c8131429ee4b963988d8afd2c0365781ec59cc3d65fee9c4cf8b07ab2be240?s=96&d=mm&r=g","caption":"Mike Patten"}}]}},"_links":{"self":[{"href":"https:\/\/www.baca.ca\/en\/wp-json\/wp\/v2\/posts\/84800","targetHints":{"allow":["GET"]}}],"collection":[{"href":"https:\/\/www.baca.ca\/en\/wp-json\/wp\/v2\/posts"}],"about":[{"href":"https:\/\/www.baca.ca\/en\/wp-json\/wp\/v2\/types\/post"}],"author":[{"embeddable":true,"href":"https:\/\/www.baca.ca\/en\/wp-json\/wp\/v2\/users\/1"}],"replies":[{"embeddable":true,"href":"https:\/\/www.baca.ca\/en\/wp-json\/wp\/v2\/comments?post=84800"}],"version-history":[{"count":0,"href":"https:\/\/www.baca.ca\/en\/wp-json\/wp\/v2\/posts\/84800\/revisions"}],"wp:featuredmedia":[{"embeddable":true,"href":"https:\/\/www.baca.ca\/en\/wp-json\/wp\/v2\/media\/84797"}],"wp:attachment":[{"href":"https:\/\/www.baca.ca\/en\/wp-json\/wp\/v2\/media?parent=84800"}],"wp:term":[{"taxonomy":"category","embeddable":true,"href":"https:\/\/www.baca.ca\/en\/wp-json\/wp\/v2\/categories?post=84800"},{"taxonomy":"post_tag","embeddable":true,"href":"https:\/\/www.baca.ca\/en\/wp-json\/wp\/v2\/tags?post=84800"}],"curies":[{"name":"wp","href":"https:\/\/api.w.org\/{rel}","templated":true}]}}