{"id":84767,"date":"2020-08-06T14:44:14","date_gmt":"2020-08-06T14:44:14","guid":{"rendered":"https:\/\/www.baca.ca\/screens-sensing\/"},"modified":"2023-11-06T15:17:29","modified_gmt":"2023-11-06T19:17:29","slug":"screens-sensing","status":"publish","type":"post","link":"https:\/\/www.baca.ca\/en\/screens-sensing\/","title":{"rendered":"Screens Sensing"},"content":{"rendered":"<div class=\"wpb-content-wrapper\"><p>[vc_row][vc_column width=&#8221;1\/2&#8243;][vc_column_text uncode_shortcode_id=&#8221;318407&#8243;]Sunday, August 9 at 6 PM<br \/>\nFilm screening courtesy of <a href=\"http:\/\/www.wapikoni.ca\/\">Wapikoni<\/a> via ZOOM<\/p>\n<p><em>Screens Sensing<\/em>: Nicolas Jimy Awashish, Bradley Brazeau, Craig Commanda, Heather Condo, Natasha Kanap\u00e9 Fontaine, Sammy Gadbois, Christopher Gregoire-Gabriel, Joleen Mitton, Elisa Moar, Gloria Morgan, Katherine Nequado, Canouk Newashish, Marie-Pier Ottawa, Kevin Papatie, Nathan Paradis, Donavan Vollant, Simon Weizineau<\/p>\n<p>Contemporary Native Art Biennial (BACA), 5th edition<br \/>\nKahwatsiret\u00e1tie: Teionkwariwaienna Tekariwaiennawahk\u00f2ntieHonoring kinship Curated by David Garneau (M\u00e9tis), with the assistance of rudi aker (Wolastoqiyik) and Faye Mullen.<\/p>\n<p>For International Day of the World&#8217;s Indigenous Peoples, let us celebrate the richness of Indigenous cultures and amplify the voices of Indigenous talents. From Pauquachin to Gesgapegiag, from the woods to the shore, from Elders to new generations, this short film program highlights the daring and unique works of upcoming and well-established artists. First Nation, M\u00e9tis and Inuit creators tell their own stories and histories, sharing their heritage and tradition. Discover unique new voices and talents with an artistic signature specific to Turtle Island&#8217;s Indigenous creators.<\/p>\n<p>Wapikoni is a cultural organization with international influence that nourishes artistic creation and excellence to serve the narrative sovereignty of Nations. Its mission is to amplify the voices of Indigenous talents through short films and music, disseminate these works, and provide a tool for professional development and social transformation.<\/p>\n<p>Web of Virtual Kin<\/p>\n<p>Virtual gatherings, workshops, teachings, circles, parties + panels coming from Indigenous community members to hold space with our NDN kin across Nations, Lands + Waters. In an effort to locate + contribute to nodes in our interconnected web of relations during these times of social-distancing.<\/p>\n<p>This series of gatherings centers and nourishes place-keeping of our Black, Brown, 2Spirited, trans, non-binary + indigiqueer community members and upholds harm reductive protocols that provides a sense of safety that is ever-evolving. This programming is held with Indigenous youth, 2Spirit indigiqueer community as well as families both blood + chosen to stay connected with our cultures, communities and creativity.<br \/>\nIn each event posting, we will clarify who this event is open to &#8211; most of the time these gatherings are open exclusively to Indigenous + Black-Indigenous community members.<\/p>\n<p>** If ever you are questioning if an event is for you, please feel comfortable connecting with us to ask. Please feel to come as you are. Do not hesitate to write to us if you have comments and \/ or suggestions.<\/p>\n<p>Web of Virtual Kin is a collaborative weaving of intentions and community relationships, organized by SS2S :: StrongSpirit2Sircle, Land as Our Teacher (Concordia+) and nistam\u00eekwan. SS2S wishes to extend gratitude to ASRC + Centre Clark + ACC-CCA for their generous support as well as CRE + Hand &amp; Hands for their contributions during these times to the community. Web of Virtual Kin receives generous + generative funding support from LAOT and BACA 2020 Kahwatsiret\u00e1tie : Teionkwariwaienna Tekariwaiennawahk\u00f2ntie.[\/vc_column_text][\/vc_column][vc_column width=&#8221;1\/2&#8243;][vc_single_image media=&#8221;84764&#8243; media_width_percent=&#8221;100&#8243;][\/vc_column][\/vc_row]<\/p>\n<\/div>","protected":false},"excerpt":{"rendered":"<p>[vc_row][vc_column width=&#8221;1\/2&#8243;][vc_column_text uncode_shortcode_id=&#8221;318407&#8243;]Sunday, August 9 at 6 PM Film screening courtesy of Wapikoni via ZOOM Screens Sensing: Nicolas Jimy Awashish, [&hellip;]<\/p>\n","protected":false},"author":1,"featured_media":84765,"comment_status":"closed","ping_status":"open","sticky":false,"template":"","format":"standard","meta":{"footnotes":""},"categories":[306],"tags":[],"class_list":["post-84767","post","type-post","status-publish","format-standard","has-post-thumbnail","hentry","category-evenements-en"],"yoast_head":"<!-- This site is optimized with the Yoast SEO plugin v27.5 - https:\/\/yoast.com\/product\/yoast-seo-wordpress\/ -->\n<title>Screens Sensing | La Biennale d\u2019art contemporain autochtone<\/title>\n<meta name=\"robots\" content=\"index, follow, max-snippet:-1, max-image-preview:large, max-video-preview:-1\" \/>\n<link rel=\"canonical\" href=\"https:\/\/www.baca.ca\/en\/screens-sensing\/\" \/>\n<meta property=\"og:locale\" content=\"en_US\" \/>\n<meta property=\"og:type\" content=\"article\" \/>\n<meta property=\"og:title\" content=\"Screens Sensing | La Biennale d\u2019art contemporain autochtone\" \/>\n<meta property=\"og:description\" content=\"[vc_row][vc_column width=&#8221;1\/2&#8243;][vc_column_text uncode_shortcode_id=&#8221;318407&#8243;]Sunday, August 9 at 6 PM Film screening courtesy of Wapikoni via ZOOM Screens Sensing: Nicolas Jimy Awashish, [&hellip;]\" \/>\n<meta property=\"og:url\" content=\"https:\/\/www.baca.ca\/en\/screens-sensing\/\" \/>\n<meta property=\"og:site_name\" content=\"La Biennale d\u2019art contemporain autochtone\" \/>\n<meta property=\"article:publisher\" content=\"https:\/\/www.facebook.com\/bacabiennale\/\" \/>\n<meta property=\"article:published_time\" content=\"2020-08-06T14:44:14+00:00\" \/>\n<meta property=\"article:modified_time\" content=\"2023-11-06T19:17:29+00:00\" \/>\n<meta property=\"og:image\" content=\"https:\/\/www.baca.ca\/wp-content\/uploads\/2020\/08\/Elisa-Moar-Mar\u00e9es-II-2_Elisa-Moar_300dpi.jpg\" \/>\n\t<meta property=\"og:image:width\" content=\"1536\" \/>\n\t<meta property=\"og:image:height\" content=\"864\" \/>\n\t<meta property=\"og:image:type\" content=\"image\/jpeg\" \/>\n<meta name=\"author\" content=\"Mike Patten\" \/>\n<meta name=\"twitter:card\" content=\"summary_large_image\" \/>\n<meta name=\"twitter:label1\" content=\"Written by\" \/>\n\t<meta name=\"twitter:data1\" content=\"Mike Patten\" \/>\n\t<meta name=\"twitter:label2\" content=\"Est. reading time\" \/>\n\t<meta name=\"twitter:data2\" content=\"2 minutes\" \/>\n<script type=\"application\/ld+json\" class=\"yoast-schema-graph\">{\"@context\":\"https:\\\/\\\/schema.org\",\"@graph\":[{\"@type\":\"Article\",\"@id\":\"https:\\\/\\\/www.baca.ca\\\/en\\\/screens-sensing\\\/#article\",\"isPartOf\":{\"@id\":\"https:\\\/\\\/www.baca.ca\\\/en\\\/screens-sensing\\\/\"},\"author\":{\"name\":\"Mike Patten\",\"@id\":\"https:\\\/\\\/www.baca.ca\\\/en\\\/#\\\/schema\\\/person\\\/115b6be02025ee3ab333f9a67d5c07ae\"},\"headline\":\"Screens Sensing\",\"datePublished\":\"2020-08-06T14:44:14+00:00\",\"dateModified\":\"2023-11-06T19:17:29+00:00\",\"mainEntityOfPage\":{\"@id\":\"https:\\\/\\\/www.baca.ca\\\/en\\\/screens-sensing\\\/\"},\"wordCount\":496,\"publisher\":{\"@id\":\"https:\\\/\\\/www.baca.ca\\\/en\\\/#organization\"},\"image\":{\"@id\":\"https:\\\/\\\/www.baca.ca\\\/en\\\/screens-sensing\\\/#primaryimage\"},\"thumbnailUrl\":\"https:\\\/\\\/www.baca.ca\\\/wp-content\\\/uploads\\\/2020\\\/08\\\/Elisa-Moar-Mar\u00e9es-II-2_Elisa-Moar_300dpi.jpg\",\"articleSection\":[\"Evenements\"],\"inLanguage\":\"en-US\"},{\"@type\":\"WebPage\",\"@id\":\"https:\\\/\\\/www.baca.ca\\\/en\\\/screens-sensing\\\/\",\"url\":\"https:\\\/\\\/www.baca.ca\\\/en\\\/screens-sensing\\\/\",\"name\":\"Screens Sensing | La Biennale d\u2019art contemporain autochtone\",\"isPartOf\":{\"@id\":\"https:\\\/\\\/www.baca.ca\\\/en\\\/#website\"},\"primaryImageOfPage\":{\"@id\":\"https:\\\/\\\/www.baca.ca\\\/en\\\/screens-sensing\\\/#primaryimage\"},\"image\":{\"@id\":\"https:\\\/\\\/www.baca.ca\\\/en\\\/screens-sensing\\\/#primaryimage\"},\"thumbnailUrl\":\"https:\\\/\\\/www.baca.ca\\\/wp-content\\\/uploads\\\/2020\\\/08\\\/Elisa-Moar-Mar\u00e9es-II-2_Elisa-Moar_300dpi.jpg\",\"datePublished\":\"2020-08-06T14:44:14+00:00\",\"dateModified\":\"2023-11-06T19:17:29+00:00\",\"breadcrumb\":{\"@id\":\"https:\\\/\\\/www.baca.ca\\\/en\\\/screens-sensing\\\/#breadcrumb\"},\"inLanguage\":\"en-US\",\"potentialAction\":[{\"@type\":\"ReadAction\",\"target\":[\"https:\\\/\\\/www.baca.ca\\\/en\\\/screens-sensing\\\/\"]}]},{\"@type\":\"ImageObject\",\"inLanguage\":\"en-US\",\"@id\":\"https:\\\/\\\/www.baca.ca\\\/en\\\/screens-sensing\\\/#primaryimage\",\"url\":\"https:\\\/\\\/www.baca.ca\\\/wp-content\\\/uploads\\\/2020\\\/08\\\/Elisa-Moar-Mar\u00e9es-II-2_Elisa-Moar_300dpi.jpg\",\"contentUrl\":\"https:\\\/\\\/www.baca.ca\\\/wp-content\\\/uploads\\\/2020\\\/08\\\/Elisa-Moar-Mar\u00e9es-II-2_Elisa-Moar_300dpi.jpg\",\"width\":1536,\"height\":864},{\"@type\":\"BreadcrumbList\",\"@id\":\"https:\\\/\\\/www.baca.ca\\\/en\\\/screens-sensing\\\/#breadcrumb\",\"itemListElement\":[{\"@type\":\"ListItem\",\"position\":1,\"name\":\"Home\",\"item\":\"https:\\\/\\\/www.baca.ca\\\/en\\\/\"},{\"@type\":\"ListItem\",\"position\":2,\"name\":\"Screens Sensing\"}]},{\"@type\":\"WebSite\",\"@id\":\"https:\\\/\\\/www.baca.ca\\\/en\\\/#website\",\"url\":\"https:\\\/\\\/www.baca.ca\\\/en\\\/\",\"name\":\"La Biennale d\u2019art contemporain autochtone\",\"description\":\"Contemporary Native Art Biennial (BACA)\",\"publisher\":{\"@id\":\"https:\\\/\\\/www.baca.ca\\\/en\\\/#organization\"},\"potentialAction\":[{\"@type\":\"SearchAction\",\"target\":{\"@type\":\"EntryPoint\",\"urlTemplate\":\"https:\\\/\\\/www.baca.ca\\\/en\\\/?s={search_term_string}\"},\"query-input\":{\"@type\":\"PropertyValueSpecification\",\"valueRequired\":true,\"valueName\":\"search_term_string\"}}],\"inLanguage\":\"en-US\"},{\"@type\":\"Organization\",\"@id\":\"https:\\\/\\\/www.baca.ca\\\/en\\\/#organization\",\"name\":\"BACA\",\"url\":\"https:\\\/\\\/www.baca.ca\\\/en\\\/\",\"logo\":{\"@type\":\"ImageObject\",\"inLanguage\":\"en-US\",\"@id\":\"https:\\\/\\\/www.baca.ca\\\/en\\\/#\\\/schema\\\/logo\\\/image\\\/\",\"url\":\"https:\\\/\\\/www.baca.ca\\\/wp-content\\\/uploads\\\/2018\\\/03\\\/BACA.png\",\"contentUrl\":\"https:\\\/\\\/www.baca.ca\\\/wp-content\\\/uploads\\\/2018\\\/03\\\/BACA.png\",\"width\":220,\"height\":50,\"caption\":\"BACA\"},\"image\":{\"@id\":\"https:\\\/\\\/www.baca.ca\\\/en\\\/#\\\/schema\\\/logo\\\/image\\\/\"},\"sameAs\":[\"https:\\\/\\\/www.facebook.com\\\/bacabiennale\\\/\",\"https:\\\/\\\/www.instagram.com\\\/bacabiennale\",\"https:\\\/\\\/bsky.app\\\/profile\\\/bacabiennale.bsky.social\"]},{\"@type\":\"Person\",\"@id\":\"https:\\\/\\\/www.baca.ca\\\/en\\\/#\\\/schema\\\/person\\\/115b6be02025ee3ab333f9a67d5c07ae\",\"name\":\"Mike Patten\",\"image\":{\"@type\":\"ImageObject\",\"inLanguage\":\"en-US\",\"@id\":\"https:\\\/\\\/secure.gravatar.com\\\/avatar\\\/f7c8131429ee4b963988d8afd2c0365781ec59cc3d65fee9c4cf8b07ab2be240?s=96&d=mm&r=g\",\"url\":\"https:\\\/\\\/secure.gravatar.com\\\/avatar\\\/f7c8131429ee4b963988d8afd2c0365781ec59cc3d65fee9c4cf8b07ab2be240?s=96&d=mm&r=g\",\"contentUrl\":\"https:\\\/\\\/secure.gravatar.com\\\/avatar\\\/f7c8131429ee4b963988d8afd2c0365781ec59cc3d65fee9c4cf8b07ab2be240?s=96&d=mm&r=g\",\"caption\":\"Mike Patten\"}}]}<\/script>\n<!-- \/ Yoast SEO plugin. -->","yoast_head_json":{"title":"Screens Sensing | La Biennale d\u2019art contemporain autochtone","robots":{"index":"index","follow":"follow","max-snippet":"max-snippet:-1","max-image-preview":"max-image-preview:large","max-video-preview":"max-video-preview:-1"},"canonical":"https:\/\/www.baca.ca\/en\/screens-sensing\/","og_locale":"en_US","og_type":"article","og_title":"Screens Sensing | La Biennale d\u2019art contemporain autochtone","og_description":"[vc_row][vc_column width=&#8221;1\/2&#8243;][vc_column_text uncode_shortcode_id=&#8221;318407&#8243;]Sunday, August 9 at 6 PM Film screening courtesy of Wapikoni via ZOOM Screens Sensing: Nicolas Jimy Awashish, [&hellip;]","og_url":"https:\/\/www.baca.ca\/en\/screens-sensing\/","og_site_name":"La Biennale d\u2019art contemporain autochtone","article_publisher":"https:\/\/www.facebook.com\/bacabiennale\/","article_published_time":"2020-08-06T14:44:14+00:00","article_modified_time":"2023-11-06T19:17:29+00:00","og_image":[{"width":1536,"height":864,"url":"https:\/\/www.baca.ca\/wp-content\/uploads\/2020\/08\/Elisa-Moar-Mar\u00e9es-II-2_Elisa-Moar_300dpi.jpg","type":"image\/jpeg"}],"author":"Mike Patten","twitter_card":"summary_large_image","twitter_misc":{"Written by":"Mike Patten","Est. reading time":"2 minutes"},"schema":{"@context":"https:\/\/schema.org","@graph":[{"@type":"Article","@id":"https:\/\/www.baca.ca\/en\/screens-sensing\/#article","isPartOf":{"@id":"https:\/\/www.baca.ca\/en\/screens-sensing\/"},"author":{"name":"Mike Patten","@id":"https:\/\/www.baca.ca\/en\/#\/schema\/person\/115b6be02025ee3ab333f9a67d5c07ae"},"headline":"Screens Sensing","datePublished":"2020-08-06T14:44:14+00:00","dateModified":"2023-11-06T19:17:29+00:00","mainEntityOfPage":{"@id":"https:\/\/www.baca.ca\/en\/screens-sensing\/"},"wordCount":496,"publisher":{"@id":"https:\/\/www.baca.ca\/en\/#organization"},"image":{"@id":"https:\/\/www.baca.ca\/en\/screens-sensing\/#primaryimage"},"thumbnailUrl":"https:\/\/www.baca.ca\/wp-content\/uploads\/2020\/08\/Elisa-Moar-Mar\u00e9es-II-2_Elisa-Moar_300dpi.jpg","articleSection":["Evenements"],"inLanguage":"en-US"},{"@type":"WebPage","@id":"https:\/\/www.baca.ca\/en\/screens-sensing\/","url":"https:\/\/www.baca.ca\/en\/screens-sensing\/","name":"Screens Sensing | La Biennale d\u2019art contemporain autochtone","isPartOf":{"@id":"https:\/\/www.baca.ca\/en\/#website"},"primaryImageOfPage":{"@id":"https:\/\/www.baca.ca\/en\/screens-sensing\/#primaryimage"},"image":{"@id":"https:\/\/www.baca.ca\/en\/screens-sensing\/#primaryimage"},"thumbnailUrl":"https:\/\/www.baca.ca\/wp-content\/uploads\/2020\/08\/Elisa-Moar-Mar\u00e9es-II-2_Elisa-Moar_300dpi.jpg","datePublished":"2020-08-06T14:44:14+00:00","dateModified":"2023-11-06T19:17:29+00:00","breadcrumb":{"@id":"https:\/\/www.baca.ca\/en\/screens-sensing\/#breadcrumb"},"inLanguage":"en-US","potentialAction":[{"@type":"ReadAction","target":["https:\/\/www.baca.ca\/en\/screens-sensing\/"]}]},{"@type":"ImageObject","inLanguage":"en-US","@id":"https:\/\/www.baca.ca\/en\/screens-sensing\/#primaryimage","url":"https:\/\/www.baca.ca\/wp-content\/uploads\/2020\/08\/Elisa-Moar-Mar\u00e9es-II-2_Elisa-Moar_300dpi.jpg","contentUrl":"https:\/\/www.baca.ca\/wp-content\/uploads\/2020\/08\/Elisa-Moar-Mar\u00e9es-II-2_Elisa-Moar_300dpi.jpg","width":1536,"height":864},{"@type":"BreadcrumbList","@id":"https:\/\/www.baca.ca\/en\/screens-sensing\/#breadcrumb","itemListElement":[{"@type":"ListItem","position":1,"name":"Home","item":"https:\/\/www.baca.ca\/en\/"},{"@type":"ListItem","position":2,"name":"Screens Sensing"}]},{"@type":"WebSite","@id":"https:\/\/www.baca.ca\/en\/#website","url":"https:\/\/www.baca.ca\/en\/","name":"La Biennale d\u2019art contemporain autochtone","description":"Contemporary Native Art Biennial (BACA)","publisher":{"@id":"https:\/\/www.baca.ca\/en\/#organization"},"potentialAction":[{"@type":"SearchAction","target":{"@type":"EntryPoint","urlTemplate":"https:\/\/www.baca.ca\/en\/?s={search_term_string}"},"query-input":{"@type":"PropertyValueSpecification","valueRequired":true,"valueName":"search_term_string"}}],"inLanguage":"en-US"},{"@type":"Organization","@id":"https:\/\/www.baca.ca\/en\/#organization","name":"BACA","url":"https:\/\/www.baca.ca\/en\/","logo":{"@type":"ImageObject","inLanguage":"en-US","@id":"https:\/\/www.baca.ca\/en\/#\/schema\/logo\/image\/","url":"https:\/\/www.baca.ca\/wp-content\/uploads\/2018\/03\/BACA.png","contentUrl":"https:\/\/www.baca.ca\/wp-content\/uploads\/2018\/03\/BACA.png","width":220,"height":50,"caption":"BACA"},"image":{"@id":"https:\/\/www.baca.ca\/en\/#\/schema\/logo\/image\/"},"sameAs":["https:\/\/www.facebook.com\/bacabiennale\/","https:\/\/www.instagram.com\/bacabiennale","https:\/\/bsky.app\/profile\/bacabiennale.bsky.social"]},{"@type":"Person","@id":"https:\/\/www.baca.ca\/en\/#\/schema\/person\/115b6be02025ee3ab333f9a67d5c07ae","name":"Mike Patten","image":{"@type":"ImageObject","inLanguage":"en-US","@id":"https:\/\/secure.gravatar.com\/avatar\/f7c8131429ee4b963988d8afd2c0365781ec59cc3d65fee9c4cf8b07ab2be240?s=96&d=mm&r=g","url":"https:\/\/secure.gravatar.com\/avatar\/f7c8131429ee4b963988d8afd2c0365781ec59cc3d65fee9c4cf8b07ab2be240?s=96&d=mm&r=g","contentUrl":"https:\/\/secure.gravatar.com\/avatar\/f7c8131429ee4b963988d8afd2c0365781ec59cc3d65fee9c4cf8b07ab2be240?s=96&d=mm&r=g","caption":"Mike Patten"}}]}},"_links":{"self":[{"href":"https:\/\/www.baca.ca\/en\/wp-json\/wp\/v2\/posts\/84767","targetHints":{"allow":["GET"]}}],"collection":[{"href":"https:\/\/www.baca.ca\/en\/wp-json\/wp\/v2\/posts"}],"about":[{"href":"https:\/\/www.baca.ca\/en\/wp-json\/wp\/v2\/types\/post"}],"author":[{"embeddable":true,"href":"https:\/\/www.baca.ca\/en\/wp-json\/wp\/v2\/users\/1"}],"replies":[{"embeddable":true,"href":"https:\/\/www.baca.ca\/en\/wp-json\/wp\/v2\/comments?post=84767"}],"version-history":[{"count":0,"href":"https:\/\/www.baca.ca\/en\/wp-json\/wp\/v2\/posts\/84767\/revisions"}],"wp:featuredmedia":[{"embeddable":true,"href":"https:\/\/www.baca.ca\/en\/wp-json\/wp\/v2\/media\/84765"}],"wp:attachment":[{"href":"https:\/\/www.baca.ca\/en\/wp-json\/wp\/v2\/media?parent=84767"}],"wp:term":[{"taxonomy":"category","embeddable":true,"href":"https:\/\/www.baca.ca\/en\/wp-json\/wp\/v2\/categories?post=84767"},{"taxonomy":"post_tag","embeddable":true,"href":"https:\/\/www.baca.ca\/en\/wp-json\/wp\/v2\/tags?post=84767"}],"curies":[{"name":"wp","href":"https:\/\/api.w.org\/{rel}","templated":true}]}}