{"id":75559,"date":"2018-04-02T15:28:58","date_gmt":"2018-04-02T15:28:58","guid":{"rendered":"https:\/\/www.baca.ca\/?p=75559"},"modified":"2022-09-07T15:22:41","modified_gmt":"2022-09-07T15:22:41","slug":"opening-reception-la-guilde","status":"publish","type":"post","link":"https:\/\/www.baca.ca\/en\/opening-reception-la-guilde\/","title":{"rendered":"Opening reception : La Guilde"},"content":{"rendered":"<div class=\"wpb-content-wrapper\"><p>[vc_row][vc_column width=&#8221;1\/2&#8243;][vc_column_text]Exhibition: May 3 &#8211; July 22, 2018<br \/>\nOpening reception: Thursday, May 3 at 6 p.m. &#8211; 8 p.m.<br \/>\nContemporary Native Art Biennial (BACA) \u2013 4th edition<br \/>\n<em>n\u00edchiwamiskw\u00e9m | nimidet | ma soeur | my sister<\/em><br \/>\nGuest curators: Niki Little and Becca Taylor<br \/>\nMayoreak Ashoona (Inuit), Shuvinai Ashoona (Inuit), Catherine Blackburn (Dene), Lita Fontaine (Anishinabe), Angela Hovak Johnston (Inuit), Caroline Monnet (Algonquin), Napachie Pootoogook (Inuit), Skawennati (Kahnawake Mohawk), Ningiukulu Teevee (Inuit), and selected works from the collection of La Guilde<\/p>\n<p>Thursday, May 3, 2018, 6:30 p.m.<br \/>\nCommunity Tattoo Action by Angela Hovak Johnston<br \/>\nInuit tattoo revitalization project<\/p>\n<p>Sunday, May 27, 2018, 11 a.m. and 2 p.m.<br \/>\nA curatorial tour with Niki Little, followed by a reading<br \/>\nReservations: Please contact La Guilde (limited space)<\/p>\n<p>The fourth edition of the Contemporary Native Art Biennial opens shortly with four exhibitions and a rich program of events that includes performances, roundtables and screenings. Over two months, Montreal and Sherbrooke will present the best of recent contemporary Indigenous art. The guest co-curators, Niki Little (Winnipeg\/winnipi, MB) and Becca Taylor (Edmonton\/amiskwaciw\u00e2skahikan, AB) have brought together forty-five artists from across America for this edition entirely dedicated to women. The exhibition <em>n\u00edchiwamiskw\u00e9m | nimidet | ma s\u0153ur | my sister<\/em> will explore multiple relationships that relate to the concept of sisterhood, whether these be intergenerational or through friendship, based on blood or solidarity, born of adversity, struggle and joy.<\/p>\n<p>Spread between four venues, the Biennial will be hosted by the Stewart Hall Art Gallery in Pointe-Claire, Art M\u00fbr, La Guilde and the Sherbrooke Museum of Fine Arts. The McCord Museum will host an evening dedicated to screening Indigenous films as well as a round table. In November, The Art Gallery of Mississauga will host a selection of the artworks from n\u00edchiwamiskw\u00e9m | nimidet | my sister | ma s\u0153ur.<\/p>\n<p>The program of this fourth edition \u2013 rich in events \u2013 will reveal the diverse perspectives that Indigenous female, queer and two-spirit artists hold. Their practices employ a variety of strategies from appropriation to transgression. They reinvent their identities, activating traditional methods of making and disrupting stereotypes. From sculpture to video, installation, engraving, textile and sound art and political postering, a wide range of mediums will be used to evoke, share and illuminate the many narratives that shape the identity of Indigenous women.<\/p>\n<p><a href=\"https:\/\/laguilde.com\/\">La Guilde<\/a><br \/>\n1356 Sherbrooke West<br \/>\nMontreal (QC)[\/vc_column_text][\/vc_column][vc_column width=&#8221;1\/2&#8243;][vc_single_image media=&#8221;76018&#8243; media_lightbox=&#8221;yes&#8221; media_width_percent=&#8221;100&#8243; lbox_caption=&#8221;yes&#8221;][\/vc_column][\/vc_row]<\/p>\n<\/div>","protected":false},"excerpt":{"rendered":"<p>[vc_row][vc_column width=&#8221;1\/2&#8243;][vc_column_text]Exhibition: May 3 &#8211; July 22, 2018 Opening reception: Thursday, May 3 at 6 p.m. &#8211; 8 p.m. Contemporary [&hellip;]<\/p>\n","protected":false},"author":1,"featured_media":76018,"comment_status":"closed","ping_status":"open","sticky":false,"template":"","format":"standard","meta":{"footnotes":""},"categories":[152],"tags":[],"class_list":["post-75559","post","type-post","status-publish","format-standard","has-post-thumbnail","hentry","category-reception"],"yoast_head":"<!-- This site is optimized with the Yoast SEO plugin v27.5 - https:\/\/yoast.com\/product\/yoast-seo-wordpress\/ -->\n<title>Opening reception : La Guilde | La Biennale d\u2019art contemporain autochtone<\/title>\n<meta name=\"robots\" content=\"index, follow, max-snippet:-1, max-image-preview:large, max-video-preview:-1\" \/>\n<link rel=\"canonical\" href=\"https:\/\/www.baca.ca\/en\/opening-reception-la-guilde\/\" \/>\n<meta property=\"og:locale\" content=\"en_US\" \/>\n<meta property=\"og:type\" content=\"article\" \/>\n<meta property=\"og:title\" content=\"Opening reception : La Guilde | La Biennale d\u2019art contemporain autochtone\" \/>\n<meta property=\"og:description\" content=\"[vc_row][vc_column width=&#8221;1\/2&#8243;][vc_column_text]Exhibition: May 3 &#8211; July 22, 2018 Opening reception: Thursday, May 3 at 6 p.m. &#8211; 8 p.m. Contemporary [&hellip;]\" \/>\n<meta property=\"og:url\" content=\"https:\/\/www.baca.ca\/en\/opening-reception-la-guilde\/\" \/>\n<meta property=\"og:site_name\" content=\"La Biennale d\u2019art contemporain autochtone\" \/>\n<meta property=\"article:publisher\" content=\"https:\/\/www.facebook.com\/bacabiennale\/\" \/>\n<meta property=\"article:published_time\" content=\"2018-04-02T15:28:58+00:00\" \/>\n<meta property=\"article:modified_time\" content=\"2022-09-07T15:22:41+00:00\" \/>\n<meta property=\"og:image\" content=\"https:\/\/www.baca.ca\/wp-content\/uploads\/2018\/04\/Catherine-Blackburn-nu-nee-1024x705.jpg\" \/>\n\t<meta property=\"og:image:width\" content=\"1024\" \/>\n\t<meta property=\"og:image:height\" content=\"705\" \/>\n\t<meta property=\"og:image:type\" content=\"image\/jpeg\" \/>\n<meta name=\"author\" content=\"Mike Patten\" \/>\n<meta name=\"twitter:card\" content=\"summary_large_image\" \/>\n<meta name=\"twitter:label1\" content=\"Written by\" \/>\n\t<meta name=\"twitter:data1\" content=\"Mike Patten\" \/>\n\t<meta name=\"twitter:label2\" content=\"Est. reading time\" \/>\n\t<meta name=\"twitter:data2\" content=\"2 minutes\" \/>\n<script type=\"application\/ld+json\" class=\"yoast-schema-graph\">{\"@context\":\"https:\\\/\\\/schema.org\",\"@graph\":[{\"@type\":\"Article\",\"@id\":\"https:\\\/\\\/www.baca.ca\\\/en\\\/opening-reception-la-guilde\\\/#article\",\"isPartOf\":{\"@id\":\"https:\\\/\\\/www.baca.ca\\\/en\\\/opening-reception-la-guilde\\\/\"},\"author\":{\"name\":\"Mike Patten\",\"@id\":\"https:\\\/\\\/www.baca.ca\\\/en\\\/#\\\/schema\\\/person\\\/115b6be02025ee3ab333f9a67d5c07ae\"},\"headline\":\"Opening reception : La Guilde\",\"datePublished\":\"2018-04-02T15:28:58+00:00\",\"dateModified\":\"2022-09-07T15:22:41+00:00\",\"mainEntityOfPage\":{\"@id\":\"https:\\\/\\\/www.baca.ca\\\/en\\\/opening-reception-la-guilde\\\/\"},\"wordCount\":418,\"publisher\":{\"@id\":\"https:\\\/\\\/www.baca.ca\\\/en\\\/#organization\"},\"image\":{\"@id\":\"https:\\\/\\\/www.baca.ca\\\/en\\\/opening-reception-la-guilde\\\/#primaryimage\"},\"thumbnailUrl\":\"https:\\\/\\\/www.baca.ca\\\/wp-content\\\/uploads\\\/2018\\\/04\\\/Catherine-Blackburn-nu-nee.jpg\",\"articleSection\":[\"Reception\"],\"inLanguage\":\"en-US\"},{\"@type\":\"WebPage\",\"@id\":\"https:\\\/\\\/www.baca.ca\\\/en\\\/opening-reception-la-guilde\\\/\",\"url\":\"https:\\\/\\\/www.baca.ca\\\/en\\\/opening-reception-la-guilde\\\/\",\"name\":\"Opening reception : La Guilde | La Biennale d\u2019art contemporain autochtone\",\"isPartOf\":{\"@id\":\"https:\\\/\\\/www.baca.ca\\\/en\\\/#website\"},\"primaryImageOfPage\":{\"@id\":\"https:\\\/\\\/www.baca.ca\\\/en\\\/opening-reception-la-guilde\\\/#primaryimage\"},\"image\":{\"@id\":\"https:\\\/\\\/www.baca.ca\\\/en\\\/opening-reception-la-guilde\\\/#primaryimage\"},\"thumbnailUrl\":\"https:\\\/\\\/www.baca.ca\\\/wp-content\\\/uploads\\\/2018\\\/04\\\/Catherine-Blackburn-nu-nee.jpg\",\"datePublished\":\"2018-04-02T15:28:58+00:00\",\"dateModified\":\"2022-09-07T15:22:41+00:00\",\"breadcrumb\":{\"@id\":\"https:\\\/\\\/www.baca.ca\\\/en\\\/opening-reception-la-guilde\\\/#breadcrumb\"},\"inLanguage\":\"en-US\",\"potentialAction\":[{\"@type\":\"ReadAction\",\"target\":[\"https:\\\/\\\/www.baca.ca\\\/en\\\/opening-reception-la-guilde\\\/\"]}]},{\"@type\":\"ImageObject\",\"inLanguage\":\"en-US\",\"@id\":\"https:\\\/\\\/www.baca.ca\\\/en\\\/opening-reception-la-guilde\\\/#primaryimage\",\"url\":\"https:\\\/\\\/www.baca.ca\\\/wp-content\\\/uploads\\\/2018\\\/04\\\/Catherine-Blackburn-nu-nee.jpg\",\"contentUrl\":\"https:\\\/\\\/www.baca.ca\\\/wp-content\\\/uploads\\\/2018\\\/04\\\/Catherine-Blackburn-nu-nee.jpg\",\"width\":2230,\"height\":1536,\"caption\":\"Catherine-Blackburn\"},{\"@type\":\"BreadcrumbList\",\"@id\":\"https:\\\/\\\/www.baca.ca\\\/en\\\/opening-reception-la-guilde\\\/#breadcrumb\",\"itemListElement\":[{\"@type\":\"ListItem\",\"position\":1,\"name\":\"Home\",\"item\":\"https:\\\/\\\/www.baca.ca\\\/en\\\/\"},{\"@type\":\"ListItem\",\"position\":2,\"name\":\"Opening reception : La Guilde\"}]},{\"@type\":\"WebSite\",\"@id\":\"https:\\\/\\\/www.baca.ca\\\/en\\\/#website\",\"url\":\"https:\\\/\\\/www.baca.ca\\\/en\\\/\",\"name\":\"La Biennale d\u2019art contemporain autochtone\",\"description\":\"Contemporary Native Art Biennial (BACA)\",\"publisher\":{\"@id\":\"https:\\\/\\\/www.baca.ca\\\/en\\\/#organization\"},\"potentialAction\":[{\"@type\":\"SearchAction\",\"target\":{\"@type\":\"EntryPoint\",\"urlTemplate\":\"https:\\\/\\\/www.baca.ca\\\/en\\\/?s={search_term_string}\"},\"query-input\":{\"@type\":\"PropertyValueSpecification\",\"valueRequired\":true,\"valueName\":\"search_term_string\"}}],\"inLanguage\":\"en-US\"},{\"@type\":\"Organization\",\"@id\":\"https:\\\/\\\/www.baca.ca\\\/en\\\/#organization\",\"name\":\"BACA\",\"url\":\"https:\\\/\\\/www.baca.ca\\\/en\\\/\",\"logo\":{\"@type\":\"ImageObject\",\"inLanguage\":\"en-US\",\"@id\":\"https:\\\/\\\/www.baca.ca\\\/en\\\/#\\\/schema\\\/logo\\\/image\\\/\",\"url\":\"https:\\\/\\\/www.baca.ca\\\/wp-content\\\/uploads\\\/2018\\\/03\\\/BACA.png\",\"contentUrl\":\"https:\\\/\\\/www.baca.ca\\\/wp-content\\\/uploads\\\/2018\\\/03\\\/BACA.png\",\"width\":220,\"height\":50,\"caption\":\"BACA\"},\"image\":{\"@id\":\"https:\\\/\\\/www.baca.ca\\\/en\\\/#\\\/schema\\\/logo\\\/image\\\/\"},\"sameAs\":[\"https:\\\/\\\/www.facebook.com\\\/bacabiennale\\\/\",\"https:\\\/\\\/www.instagram.com\\\/bacabiennale\",\"https:\\\/\\\/bsky.app\\\/profile\\\/bacabiennale.bsky.social\"]},{\"@type\":\"Person\",\"@id\":\"https:\\\/\\\/www.baca.ca\\\/en\\\/#\\\/schema\\\/person\\\/115b6be02025ee3ab333f9a67d5c07ae\",\"name\":\"Mike Patten\",\"image\":{\"@type\":\"ImageObject\",\"inLanguage\":\"en-US\",\"@id\":\"https:\\\/\\\/secure.gravatar.com\\\/avatar\\\/f7c8131429ee4b963988d8afd2c0365781ec59cc3d65fee9c4cf8b07ab2be240?s=96&d=mm&r=g\",\"url\":\"https:\\\/\\\/secure.gravatar.com\\\/avatar\\\/f7c8131429ee4b963988d8afd2c0365781ec59cc3d65fee9c4cf8b07ab2be240?s=96&d=mm&r=g\",\"contentUrl\":\"https:\\\/\\\/secure.gravatar.com\\\/avatar\\\/f7c8131429ee4b963988d8afd2c0365781ec59cc3d65fee9c4cf8b07ab2be240?s=96&d=mm&r=g\",\"caption\":\"Mike Patten\"}}]}<\/script>\n<!-- \/ Yoast SEO plugin. -->","yoast_head_json":{"title":"Opening reception : La Guilde | La Biennale d\u2019art contemporain autochtone","robots":{"index":"index","follow":"follow","max-snippet":"max-snippet:-1","max-image-preview":"max-image-preview:large","max-video-preview":"max-video-preview:-1"},"canonical":"https:\/\/www.baca.ca\/en\/opening-reception-la-guilde\/","og_locale":"en_US","og_type":"article","og_title":"Opening reception : La Guilde | La Biennale d\u2019art contemporain autochtone","og_description":"[vc_row][vc_column width=&#8221;1\/2&#8243;][vc_column_text]Exhibition: May 3 &#8211; July 22, 2018 Opening reception: Thursday, May 3 at 6 p.m. &#8211; 8 p.m. Contemporary [&hellip;]","og_url":"https:\/\/www.baca.ca\/en\/opening-reception-la-guilde\/","og_site_name":"La Biennale d\u2019art contemporain autochtone","article_publisher":"https:\/\/www.facebook.com\/bacabiennale\/","article_published_time":"2018-04-02T15:28:58+00:00","article_modified_time":"2022-09-07T15:22:41+00:00","og_image":[{"width":1024,"height":705,"url":"https:\/\/www.baca.ca\/wp-content\/uploads\/2018\/04\/Catherine-Blackburn-nu-nee-1024x705.jpg","type":"image\/jpeg"}],"author":"Mike Patten","twitter_card":"summary_large_image","twitter_misc":{"Written by":"Mike Patten","Est. reading time":"2 minutes"},"schema":{"@context":"https:\/\/schema.org","@graph":[{"@type":"Article","@id":"https:\/\/www.baca.ca\/en\/opening-reception-la-guilde\/#article","isPartOf":{"@id":"https:\/\/www.baca.ca\/en\/opening-reception-la-guilde\/"},"author":{"name":"Mike Patten","@id":"https:\/\/www.baca.ca\/en\/#\/schema\/person\/115b6be02025ee3ab333f9a67d5c07ae"},"headline":"Opening reception : La Guilde","datePublished":"2018-04-02T15:28:58+00:00","dateModified":"2022-09-07T15:22:41+00:00","mainEntityOfPage":{"@id":"https:\/\/www.baca.ca\/en\/opening-reception-la-guilde\/"},"wordCount":418,"publisher":{"@id":"https:\/\/www.baca.ca\/en\/#organization"},"image":{"@id":"https:\/\/www.baca.ca\/en\/opening-reception-la-guilde\/#primaryimage"},"thumbnailUrl":"https:\/\/www.baca.ca\/wp-content\/uploads\/2018\/04\/Catherine-Blackburn-nu-nee.jpg","articleSection":["Reception"],"inLanguage":"en-US"},{"@type":"WebPage","@id":"https:\/\/www.baca.ca\/en\/opening-reception-la-guilde\/","url":"https:\/\/www.baca.ca\/en\/opening-reception-la-guilde\/","name":"Opening reception : La Guilde | La Biennale d\u2019art contemporain autochtone","isPartOf":{"@id":"https:\/\/www.baca.ca\/en\/#website"},"primaryImageOfPage":{"@id":"https:\/\/www.baca.ca\/en\/opening-reception-la-guilde\/#primaryimage"},"image":{"@id":"https:\/\/www.baca.ca\/en\/opening-reception-la-guilde\/#primaryimage"},"thumbnailUrl":"https:\/\/www.baca.ca\/wp-content\/uploads\/2018\/04\/Catherine-Blackburn-nu-nee.jpg","datePublished":"2018-04-02T15:28:58+00:00","dateModified":"2022-09-07T15:22:41+00:00","breadcrumb":{"@id":"https:\/\/www.baca.ca\/en\/opening-reception-la-guilde\/#breadcrumb"},"inLanguage":"en-US","potentialAction":[{"@type":"ReadAction","target":["https:\/\/www.baca.ca\/en\/opening-reception-la-guilde\/"]}]},{"@type":"ImageObject","inLanguage":"en-US","@id":"https:\/\/www.baca.ca\/en\/opening-reception-la-guilde\/#primaryimage","url":"https:\/\/www.baca.ca\/wp-content\/uploads\/2018\/04\/Catherine-Blackburn-nu-nee.jpg","contentUrl":"https:\/\/www.baca.ca\/wp-content\/uploads\/2018\/04\/Catherine-Blackburn-nu-nee.jpg","width":2230,"height":1536,"caption":"Catherine-Blackburn"},{"@type":"BreadcrumbList","@id":"https:\/\/www.baca.ca\/en\/opening-reception-la-guilde\/#breadcrumb","itemListElement":[{"@type":"ListItem","position":1,"name":"Home","item":"https:\/\/www.baca.ca\/en\/"},{"@type":"ListItem","position":2,"name":"Opening reception : La Guilde"}]},{"@type":"WebSite","@id":"https:\/\/www.baca.ca\/en\/#website","url":"https:\/\/www.baca.ca\/en\/","name":"La Biennale d\u2019art contemporain autochtone","description":"Contemporary Native Art Biennial (BACA)","publisher":{"@id":"https:\/\/www.baca.ca\/en\/#organization"},"potentialAction":[{"@type":"SearchAction","target":{"@type":"EntryPoint","urlTemplate":"https:\/\/www.baca.ca\/en\/?s={search_term_string}"},"query-input":{"@type":"PropertyValueSpecification","valueRequired":true,"valueName":"search_term_string"}}],"inLanguage":"en-US"},{"@type":"Organization","@id":"https:\/\/www.baca.ca\/en\/#organization","name":"BACA","url":"https:\/\/www.baca.ca\/en\/","logo":{"@type":"ImageObject","inLanguage":"en-US","@id":"https:\/\/www.baca.ca\/en\/#\/schema\/logo\/image\/","url":"https:\/\/www.baca.ca\/wp-content\/uploads\/2018\/03\/BACA.png","contentUrl":"https:\/\/www.baca.ca\/wp-content\/uploads\/2018\/03\/BACA.png","width":220,"height":50,"caption":"BACA"},"image":{"@id":"https:\/\/www.baca.ca\/en\/#\/schema\/logo\/image\/"},"sameAs":["https:\/\/www.facebook.com\/bacabiennale\/","https:\/\/www.instagram.com\/bacabiennale","https:\/\/bsky.app\/profile\/bacabiennale.bsky.social"]},{"@type":"Person","@id":"https:\/\/www.baca.ca\/en\/#\/schema\/person\/115b6be02025ee3ab333f9a67d5c07ae","name":"Mike Patten","image":{"@type":"ImageObject","inLanguage":"en-US","@id":"https:\/\/secure.gravatar.com\/avatar\/f7c8131429ee4b963988d8afd2c0365781ec59cc3d65fee9c4cf8b07ab2be240?s=96&d=mm&r=g","url":"https:\/\/secure.gravatar.com\/avatar\/f7c8131429ee4b963988d8afd2c0365781ec59cc3d65fee9c4cf8b07ab2be240?s=96&d=mm&r=g","contentUrl":"https:\/\/secure.gravatar.com\/avatar\/f7c8131429ee4b963988d8afd2c0365781ec59cc3d65fee9c4cf8b07ab2be240?s=96&d=mm&r=g","caption":"Mike Patten"}}]}},"_links":{"self":[{"href":"https:\/\/www.baca.ca\/en\/wp-json\/wp\/v2\/posts\/75559","targetHints":{"allow":["GET"]}}],"collection":[{"href":"https:\/\/www.baca.ca\/en\/wp-json\/wp\/v2\/posts"}],"about":[{"href":"https:\/\/www.baca.ca\/en\/wp-json\/wp\/v2\/types\/post"}],"author":[{"embeddable":true,"href":"https:\/\/www.baca.ca\/en\/wp-json\/wp\/v2\/users\/1"}],"replies":[{"embeddable":true,"href":"https:\/\/www.baca.ca\/en\/wp-json\/wp\/v2\/comments?post=75559"}],"version-history":[{"count":0,"href":"https:\/\/www.baca.ca\/en\/wp-json\/wp\/v2\/posts\/75559\/revisions"}],"wp:featuredmedia":[{"embeddable":true,"href":"https:\/\/www.baca.ca\/en\/wp-json\/wp\/v2\/media\/76018"}],"wp:attachment":[{"href":"https:\/\/www.baca.ca\/en\/wp-json\/wp\/v2\/media?parent=75559"}],"wp:term":[{"taxonomy":"category","embeddable":true,"href":"https:\/\/www.baca.ca\/en\/wp-json\/wp\/v2\/categories?post=75559"},{"taxonomy":"post_tag","embeddable":true,"href":"https:\/\/www.baca.ca\/en\/wp-json\/wp\/v2\/tags?post=75559"}],"curies":[{"name":"wp","href":"https:\/\/api.w.org\/{rel}","templated":true}]}}